{"id":479970,"date":"2026-08-09T03:15:18","date_gmt":"2026-08-09T03:15:18","guid":{"rendered":"https:\/\/www.europesays.com\/pt\/479970\/"},"modified":"2026-08-09T03:15:18","modified_gmt":"2026-08-09T03:15:18","slug":"critica-thriller-usa-copan-como-microcosmo-de-sao-paulo","status":"publish","type":"post","link":"https:\/\/www.europesays.com\/pt\/479970\/","title":{"rendered":"Cr\u00edtica: Thriller usa Copan como microcosmo de S\u00e3o Paulo"},"content":{"rendered":"\n<p class=\" content-text__container theme-color-primary-first-letter\" data-track-category=\"Link no Texto\" data-track-links=\"\"> Hist\u00f3rias que se passam em edif\u00edcios ou constru\u00e7\u00f5es ic\u00f4nicas sempre provocam novas conex\u00f5es entre pessoas e lugares. Talvez o exemplo cl\u00e1ssico disso tenha sido o livro \u201cO corcunda de Notre-Dame\u201d, do escritor franc\u00eas Victor Hugo. Na \u00e9poca, a catedral estava sob o risco de ser demolida e o enorme sucesso do romance n\u00e3o apenas impediu isso como incentivou sua restaura\u00e7\u00e3o. No Brasil, a Igreja de Santa B\u00e1rbara, em Salvador, foi palco da pe\u00e7a teatral \u201cO Pagador de Promessas\u201d, escrita por Dias Gomes. Adaptada para o cinema por Anselmo Duarte em 1962, ganhou a Palma de Ouro, no Festival de Cannes, tendo sido a primeira vez, e at\u00e9 agora \u00fanica, em que um filme brasileiro levou o principal pr\u00eamio para casa. <\/p>\n<p class=\" content-text__container \" data-track-category=\"Link no Texto\" data-track-links=\"\"> Mais recentemente, Juli\u00e1n Fuks escreveu o livro \u201cA ocupa\u00e7\u00e3o\u201d, que se passa no Hotel Cambridge, no Centro de <a class=\"\" href=\"https:\/\/oglobo.globo.com\/tudo-sobre\/uf\/sao-paulo\" rel=\"nofollow noopener\" target=\"_blank\">S\u00e3o Paulo<\/a>. Hoje em dia, o edif\u00edcio se tornou um complexo residencial com moradias populares ap\u00f3s ter sido ocupado por movimentos sociais. Seguindo essa vertente, \u00e9 curioso que o lan\u00e7amento \u201cCrime no Copan\u201d, do jornalista Victor Bonini, se passe justamente no presente, com o pr\u00e9dio ic\u00f4nico de S\u00e3o Paulo no centro da narrativa. Na vida real, o <a class=\"\" href=\"https:\/\/oglobo.globo.com\/tudo-sobre\/ponto-turistico\/edificio-copan\" rel=\"nofollow noopener\" target=\"_blank\">Edif\u00edcio Copan<\/a> esperou dez anos para a aprova\u00e7\u00e3o de sua reforma, \u00e9poca em que ficou bastante degradado. <\/p>\n<p class=\" content-text__container \" data-track-category=\"Link no Texto\" data-track-links=\"\"> Recentemente, por\u00e9m, o edif\u00edcio recebeu um alto valor para a nova etapa da obra de recupera\u00e7\u00e3o da fachada original e estrutura, tamb\u00e9m foi anunciado que seu antigo cinema reabriria em 2027. Na fic\u00e7\u00e3o de Bonini, a reforma n\u00e3o \u00e9 aludida, mas h\u00e1 um audit\u00f3rio abandonado onde sangue \u00e9 encontrado e diversos tipos de moradores residem nos apartamentos, como o subs\u00edndico Santiago; a artista pl\u00e1stica Cec\u00edlia; a maquiadora Agnes; e Lav\u00ednia, a moradora mais antiga do pr\u00e9dio. O livro, que j\u00e1 nasce com a promessa de uma adapta\u00e7\u00e3o para o cinema pela produtora Camisa Listrada Filmes, tem o foco em duas mortes suspeitas que passam a ser investigadas. Primeiro, morre Theo, filho do s\u00edndico; depois, Lorenzo, seu pai. <\/p>\n","protected":false},"excerpt":{"rendered":"Hist\u00f3rias que se passam em edif\u00edcios ou constru\u00e7\u00f5es ic\u00f4nicas sempre provocam novas conex\u00f5es entre pessoas e lugares. Talvez&hellip;\n","protected":false},"author":2,"featured_media":479971,"comment_status":"","ping_status":"","sticky":false,"template":"","format":"standard","meta":{"footnotes":"","_share_on_mastodon":"0"},"categories":[140],"tags":[887,76805,114,115,147,148,208,146,2458,32,33,16592,654,2459],"class_list":["post-479970","post","type-post","status-publish","format-standard","has-post-thumbnail","category-filmes","tag-contexto-ou-analise","tag-edificio-copan","tag-entertainment","tag-entretenimento","tag-film","tag-filmes","tag-franca","tag-movies","tag-paris","tag-portugal","tag-pt","tag-salvador-ba","tag-sao-paulo","tag-sudeste"],"share_on_mastodon":{"url":"https:\/\/pubeurope.com\/@pt\/117063380269667979","error":""},"_links":{"self":[{"href":"https:\/\/www.europesays.com\/pt\/wp-json\/wp\/v2\/posts\/479970","targetHints":{"allow":["GET"]}}],"collection":[{"href":"https:\/\/www.europesays.com\/pt\/wp-json\/wp\/v2\/posts"}],"about":[{"href":"https:\/\/www.europesays.com\/pt\/wp-json\/wp\/v2\/types\/post"}],"author":[{"embeddable":true,"href":"https:\/\/www.europesays.com\/pt\/wp-json\/wp\/v2\/users\/2"}],"replies":[{"embeddable":true,"href":"https:\/\/www.europesays.com\/pt\/wp-json\/wp\/v2\/comments?post=479970"}],"version-history":[{"count":0,"href":"https:\/\/www.europesays.com\/pt\/wp-json\/wp\/v2\/posts\/479970\/revisions"}],"wp:featuredmedia":[{"embeddable":true,"href":"https:\/\/www.europesays.com\/pt\/wp-json\/wp\/v2\/media\/479971"}],"wp:attachment":[{"href":"https:\/\/www.europesays.com\/pt\/wp-json\/wp\/v2\/media?parent=479970"}],"wp:term":[{"taxonomy":"category","embeddable":true,"href":"https:\/\/www.europesays.com\/pt\/wp-json\/wp\/v2\/categories?post=479970"},{"taxonomy":"post_tag","embeddable":true,"href":"https:\/\/www.europesays.com\/pt\/wp-json\/wp\/v2\/tags?post=479970"}],"curies":[{"name":"wp","href":"https:\/\/api.w.org\/{rel}","templated":true}]}}