{"id":480088,"date":"2026-08-09T07:57:12","date_gmt":"2026-08-09T07:57:12","guid":{"rendered":"https:\/\/www.europesays.com\/pt\/480088\/"},"modified":"2026-08-09T07:57:12","modified_gmt":"2026-08-09T07:57:12","slug":"hugo-soares-acusa-carneiro-de-estar-pior-do-que-ventura-observador","status":"publish","type":"post","link":"https:\/\/www.europesays.com\/pt\/480088\/","title":{"rendered":"Hugo Soares acusa Carneiro de estar &#8220;pior&#8221; do que Ventura \u2013 Observador"},"content":{"rendered":"<p>Hugo Soares, l\u00edder parlamentar e secret\u00e1rio-geral do PSD, acusa Jos\u00e9 Lu\u00eds Carneiro de estar \u201cpior do que Andr\u00e9 Ventura, no estilo e na mentira\u201d. O social-democrata reagiu assim ao facto de o l\u00edder socialista ter sugerido que Lu\u00eds Montenegro mentiu quando disse que n\u00e3o ia tirar f\u00e9rias para logo depois ser fotografado na praia. Sem se alongar muito nos coment\u00e1rios, Hugo Soares limitou-se a partilhar um texto de Ascenso Sim\u00f5es, ex-deputado socialista e destacado comentador pol\u00edtico, sobre o assunto: \u201cAssim n\u00e3o vamos l\u00e1. Temos que dar import\u00e2ncia ao que tem mesmo import\u00e2ncia e n\u00e3o chafurdar em coisas de merda\u201d.<\/p>\n<p>Recorde-se que, a 21 de julho, numa altura de enorme press\u00e3o sobre o Governo, o gabinete do primeiro-ministro fez saber que Montenegro n\u00e3o iria tirar f\u00e9rias no ver\u00e3o e que ficaria a \u201ccoordenar atividade do Governo\u201d. Nessa mesma nota, enviada \u00e0 ag\u00eancia Lusa, acrescentava-se o seguinte: \u201cO primeiro-ministro pretende gozar apenas <strong>alguns fins de semana<\/strong> e <strong>um ou outro dia espor\u00e1dico<\/strong>, se a agenda o permitir e sem se ausentar do pa\u00eds\u201d.<\/p>\n<p>Na sexta-feira, foram reveladas fotografias de Lu\u00eds Montenegro no Algarve, ao lado de Hugo Soares e com a fam\u00edlia. As imagens, captadas na v\u00e9spera, foram utilizadas pela oposi\u00e7\u00e3o para acusar o primeiro-ministro de ter faltado com a palavra dada \u2014 apesar de, como se pode ler acima, Montenegro <strong>nunca<\/strong> ter dito que n\u00e3o iria gozar \u201cum ou outro dia espor\u00e1dico\u201d.<\/p>\n<p>Este s\u00e1bado, <strong>Jos\u00e9 Lu\u00eds Carneiro<\/strong> fez isso mesmo: \u201cPerip\u00e9cias, perip\u00e9cias, perip\u00e9cias, aquela que mais me surpreendeu nas \u00faltimas horas foi mesmo termos um primeiro-ministro que jurou a p\u00e9s juntos que n\u00e3o ia de f\u00e9rias e v\u00ea-lo em f\u00e9rias com o l\u00edder parlamentar. E essa \u00e9 uma perip\u00e9cia que mostra bem o modo como n\u00f3s devemos olhar para aquilo que s\u00e3o os compromissos e a <strong>palavra<\/strong> do primeiro-ministro\u201d, argumentou o l\u00edder socialista.<\/p>\n<p>Nas redes sociais, al\u00e9m de acusar Carneiro de mentir, Hugo Soares recuperou a publica\u00e7\u00e3o de Ascenso Sim\u00f5es, ex-deputado socialista e antigo secret\u00e1rio de Estado, para responder, por interposta pessoa, ao secret\u00e1rio-geral do PS. Escreveu <strong>Ascenso Sim\u00f5es<\/strong>: \u201cAcho que a vida p\u00fablica est\u00e1 um nojo. Ser\u00e1 que o PM, por n\u00e3o ir de f\u00e9rias, n\u00e3o pode ter um fim de semana ou um dia de folga? Ser\u00e1 que tem de estar enfiado 25\u00d77 no gabinete sem sair, comer ou mijar? Assim n\u00e3o vamos l\u00e1. Temos que dar import\u00e2ncia ao que tem mesmo import\u00e2ncia e n\u00e3o chafurdar em coisas de merda.\u201d<\/p>\n<p>        <img src=\"https:\/\/www.europesays.com\/pt\/wp-content\/uploads\/2026\/08\/captura-de-ecra-2026-08-08-as-222604.jpg\" alt=\"\" loading=\"lazy\" decoding=\"async\" class=\"alignnone\" onload=\"this.parentElement.classList.remove('spinner')\" onerror=\"this.parentElement.classList.remove('spinner')\"\/>    <\/p>\n","protected":false},"excerpt":{"rendered":"Hugo Soares, l\u00edder parlamentar e secret\u00e1rio-geral do PSD, acusa Jos\u00e9 Lu\u00eds Carneiro de estar \u201cpior do que Andr\u00e9&hellip;\n","protected":false},"author":2,"featured_media":480089,"comment_status":"","ping_status":"","sticky":false,"template":"","format":"standard","meta":{"footnotes":"","_share_on_mastodon":"0"},"categories":[10],"tags":[27,28,15,16,14,25,26,590,21,22,12,13,19,20,302,32,23,24,455,33,17,18,29,30,31],"class_list":["post-480088","post","type-post","status-publish","format-standard","has-post-thumbnail","category-portugal","tag-breaking-news","tag-breakingnews","tag-featured-news","tag-featurednews","tag-headlines","tag-latest-news","tag-latestnews","tag-luu00eds-montenegro","tag-main-news","tag-mainnews","tag-news","tag-noticias","tag-noticias-principais","tag-noticiasprincipais","tag-polu00edtica","tag-portugal","tag-principais-noticias","tag-principaisnoticias","tag-ps","tag-pt","tag-top-stories","tag-topstories","tag-ultimas","tag-ultimas-noticias","tag-ultimasnoticias"],"share_on_mastodon":{"url":"https:\/\/pubeurope.com\/@pt\/117064489809889719","error":""},"_links":{"self":[{"href":"https:\/\/www.europesays.com\/pt\/wp-json\/wp\/v2\/posts\/480088","targetHints":{"allow":["GET"]}}],"collection":[{"href":"https:\/\/www.europesays.com\/pt\/wp-json\/wp\/v2\/posts"}],"about":[{"href":"https:\/\/www.europesays.com\/pt\/wp-json\/wp\/v2\/types\/post"}],"author":[{"embeddable":true,"href":"https:\/\/www.europesays.com\/pt\/wp-json\/wp\/v2\/users\/2"}],"replies":[{"embeddable":true,"href":"https:\/\/www.europesays.com\/pt\/wp-json\/wp\/v2\/comments?post=480088"}],"version-history":[{"count":0,"href":"https:\/\/www.europesays.com\/pt\/wp-json\/wp\/v2\/posts\/480088\/revisions"}],"wp:featuredmedia":[{"embeddable":true,"href":"https:\/\/www.europesays.com\/pt\/wp-json\/wp\/v2\/media\/480089"}],"wp:attachment":[{"href":"https:\/\/www.europesays.com\/pt\/wp-json\/wp\/v2\/media?parent=480088"}],"wp:term":[{"taxonomy":"category","embeddable":true,"href":"https:\/\/www.europesays.com\/pt\/wp-json\/wp\/v2\/categories?post=480088"},{"taxonomy":"post_tag","embeddable":true,"href":"https:\/\/www.europesays.com\/pt\/wp-json\/wp\/v2\/tags?post=480088"}],"curies":[{"name":"wp","href":"https:\/\/api.w.org\/{rel}","templated":true}]}}