{"id":480275,"date":"2026-08-09T11:54:12","date_gmt":"2026-08-09T11:54:12","guid":{"rendered":"https:\/\/www.europesays.com\/pt\/480275\/"},"modified":"2026-08-09T11:54:12","modified_gmt":"2026-08-09T11:54:12","slug":"historia-da-pediatria-gaucha-ganha-documentario","status":"publish","type":"post","link":"https:\/\/www.europesays.com\/pt\/480275\/","title":{"rendered":"Hist\u00f3ria da pediatria ga\u00facha ganha document\u00e1rio"},"content":{"rendered":"<p>Estreia nesta segunda-feira (10), \u00e0s 19h, na Cinemateca Capit\u00f3lio, em Porto Alegre, o document\u00e1rio <strong>A Hist\u00f3ria da Pediatria no Rio Grande do Sul<\/strong>.\u00a0<\/p>\n<p>A produ\u00e7\u00e3o \u00e9 in\u00e9dita e registra, pela primeira vez, a trajet\u00f3ria da especialidade no Estado por meio de depoimentos de profissionais da \u00e1rea (voc\u00ea v\u00ea alguns deles nas imagens acima, dos bastidores das grava\u00e7\u00f5es), al\u00e9m de fotografias e documentos que retratam a evolu\u00e7\u00e3o ao longo das d\u00e9cadas.\u00a0<\/p>\n<p>Ap\u00f3s a exibi\u00e7\u00e3o, os participantes ser\u00e3o homenageados em uma solenidade especial promovida pelo Simers.<\/p>\n<p>O lan\u00e7amento integra as comemora\u00e7\u00f5es do <strong>Dia do M\u00e9dico Pediatra <\/strong>(celebrado em 27 de julho) representa, segundo a entidade, um marco na preserva\u00e7\u00e3o da mem\u00f3ria da medicina ga\u00facha e na valoriza\u00e7\u00e3o do papel dos profissionais especializados no atendimento a crian\u00e7as.<\/p>\n","protected":false},"excerpt":{"rendered":"Estreia nesta segunda-feira (10), \u00e0s 19h, na Cinemateca Capit\u00f3lio, em Porto Alegre, o document\u00e1rio A Hist\u00f3ria da Pediatria&hellip;\n","protected":false},"author":2,"featured_media":480276,"comment_status":"","ping_status":"","sticky":false,"template":"","format":"standard","meta":{"footnotes":"","_share_on_mastodon":"0"},"categories":[84],"tags":[109,107,108,470,1414,1208,32,33,105,103,104,106,110],"class_list":["post-480275","post","type-post","status-publish","format-standard","has-post-thumbnail","category-ciencia-e-tecnologia","tag-ciencia","tag-ciencia-e-tecnologia","tag-cienciaetecnologia","tag-cinema","tag-documentario","tag-medicina","tag-portugal","tag-pt","tag-science","tag-science-and-technology","tag-scienceandtechnology","tag-technology","tag-tecnologia"],"share_on_mastodon":{"url":"https:\/\/pubeurope.com\/@pt\/117065421051134428","error":""},"_links":{"self":[{"href":"https:\/\/www.europesays.com\/pt\/wp-json\/wp\/v2\/posts\/480275","targetHints":{"allow":["GET"]}}],"collection":[{"href":"https:\/\/www.europesays.com\/pt\/wp-json\/wp\/v2\/posts"}],"about":[{"href":"https:\/\/www.europesays.com\/pt\/wp-json\/wp\/v2\/types\/post"}],"author":[{"embeddable":true,"href":"https:\/\/www.europesays.com\/pt\/wp-json\/wp\/v2\/users\/2"}],"replies":[{"embeddable":true,"href":"https:\/\/www.europesays.com\/pt\/wp-json\/wp\/v2\/comments?post=480275"}],"version-history":[{"count":0,"href":"https:\/\/www.europesays.com\/pt\/wp-json\/wp\/v2\/posts\/480275\/revisions"}],"wp:featuredmedia":[{"embeddable":true,"href":"https:\/\/www.europesays.com\/pt\/wp-json\/wp\/v2\/media\/480276"}],"wp:attachment":[{"href":"https:\/\/www.europesays.com\/pt\/wp-json\/wp\/v2\/media?parent=480275"}],"wp:term":[{"taxonomy":"category","embeddable":true,"href":"https:\/\/www.europesays.com\/pt\/wp-json\/wp\/v2\/categories?post=480275"},{"taxonomy":"post_tag","embeddable":true,"href":"https:\/\/www.europesays.com\/pt\/wp-json\/wp\/v2\/tags?post=480275"}],"curies":[{"name":"wp","href":"https:\/\/api.w.org\/{rel}","templated":true}]}}