{"id":480315,"date":"2026-08-09T12:30:59","date_gmt":"2026-08-09T12:30:59","guid":{"rendered":"https:\/\/www.europesays.com\/pt\/480315\/"},"modified":"2026-08-09T12:30:59","modified_gmt":"2026-08-09T12:30:59","slug":"reclusao-processo-e-mais-10-artistas-que-sumiram-das-novelas-da-globo","status":"publish","type":"post","link":"https:\/\/www.europesays.com\/pt\/480315\/","title":{"rendered":"Reclus\u00e3o, processo e mais: 10 artistas que sumiram das novelas da Globo"},"content":{"rendered":"<p class=\"PDq2pG_selectionAnchorContainer\" data-start=\"0\" data-end=\"310\">H\u00e1 mais de uma d\u00e9cada, alguns rostos que durante anos foram presen\u00e7a frequente nas novelas da Globo desapareceram dos folhetins da emissora. S\u00e3o atores e atrizes que protagonizaram grandes sucessos, constru\u00edram carreiras de destaque no canal, mas acabaram seguindo caminhos bem diferentes longe da dramaturgia.<\/p>\n<p class=\"PDq2pG_selectionAnchorContainer\" data-start=\"0\" data-end=\"310\">Enquanto alguns decidiram abandonar as novelas e levar uma vida mais reservada, outros enfrentaram problemas de sa\u00fade, processos contra a Globo ou passaram a trabalhar em emissoras concorrentes. H\u00e1 ainda quem continue esperando por uma nova oportunidade.<\/p>\n<p class=\"PDq2pG_selectionAnchorContainer\" data-start=\"0\" data-end=\"310\">Veja como est\u00e3o 10 desses nomes:<\/p>\n<p>Joana Fomm<\/p>\n<p><img decoding=\"async\" loading=\"lazy\" class=\"horizontal\" src=\"https:\/\/www.europesays.com\/pt\/wp-content\/uploads\/2026\/08\/tvh-imagem---2026-08-07t171431_465.jpeg\" alt=\"Reclus\u00e3o, processo e mais: 10 artistas que sumiram das novelas da Globo\"\/><\/p>\n<p data-start=\"12\" data-end=\"417\">Joana Fomm est\u00e1 afastada das novelas da Globo h\u00e1 uma d\u00e9cada. Seu \u00faltimo trabalho no g\u00eanero na emissora foi Malha\u00e7\u00e3o: Pro Dia Nascer Feliz, exibida em 2016.<\/p>\n<p data-start=\"12\" data-end=\"417\">Desde ent\u00e3o, a veterana enfrentou problemas de sa\u00fade e passou a receber poucas oportunidades na televis\u00e3o. Nos \u00faltimos anos, chegou a fazer apelos p\u00fablicos por trabalho, deixando claro que ainda deseja atuar e que sente falta de exercer a profiss\u00e3o.<\/p>\n<p>Maria Zilda<\/p>\n<p><img decoding=\"async\" loading=\"lazy\" class=\"horizontal\" src=\"https:\/\/www.europesays.com\/pt\/wp-content\/uploads\/2026\/08\/tvh-imagem---2026-08-07t171508_9582.jpeg\" alt=\"Reclus\u00e3o, processo e mais: 10 artistas que sumiram das novelas da Globo\"\/><\/p>\n<p data-start=\"432\" data-end=\"795\">Maria Zilda tamb\u00e9m n\u00e3o participa de uma novela da Globo desde 2016, quando esteve no elenco de \u00cata Mundo Bom!. Depois de uma longa trajet\u00f3ria na emissora, com participa\u00e7\u00e3o em diversos sucessos, a atriz acabou se afastando das produ\u00e7\u00f5es do canal.<\/p>\n<p data-start=\"432\" data-end=\"795\">Posteriormente, entrou com um processo contra a Globo e, desde ent\u00e3o, n\u00e3o voltou a integrar o elenco de suas novelas.<\/p>\n<p>Mait\u00ea Proen\u00e7a<\/p>\n<p><img decoding=\"async\" loading=\"lazy\" class=\"horizontal\" src=\"https:\/\/www.europesays.com\/pt\/wp-content\/uploads\/2026\/08\/tvh-imagem---2026-08-07t171454_8843.jpeg\" alt=\"Reclus\u00e3o, processo e mais: 10 artistas que sumiram das novelas da Globo\"\/><\/p>\n<p>continua depois da publicidade<\/p>\n<p data-start=\"812\" data-end=\"1163\">Mait\u00ea Proen\u00e7a fez sua \u00faltima novela na Globo em 2016, quando participou de Liberdade, Liberdade. Depois disso, encerrou uma longa rela\u00e7\u00e3o profissional com a emissora, onde havia constru\u00eddo boa parte de sua carreira e protagonizado diversas produ\u00e7\u00f5es.<\/p>\n<p data-start=\"812\" data-end=\"1163\">A atriz tamb\u00e9m entrou na Justi\u00e7a contra o canal e n\u00e3o voltou a aparecer em suas novelas desde ent\u00e3o.<\/p>\n<p>Mauro Mendon\u00e7a<\/p>\n<p><img decoding=\"async\" loading=\"lazy\" class=\"horizontal\" src=\"https:\/\/www.europesays.com\/pt\/wp-content\/uploads\/2026\/08\/mauro-mendonca_5593.jpeg\" alt=\"Reclus\u00e3o, processo e mais: 10 artistas que sumiram das novelas da Globo\"\/><\/p>\n<p data-start=\"1181\" data-end=\"1508\">Um dos grandes veteranos da dramaturgia brasileira, Mauro Mendon\u00e7a est\u00e1 longe das novelas da Globo desde \u00cata Mundo Bom!, exibida em 2016.<\/p>\n<p data-start=\"1181\" data-end=\"1508\">Depois de d\u00e9cadas de trabalhos na emissora, o ator reduziu consideravelmente sua presen\u00e7a na televis\u00e3o. Atualmente com 95 anos e com contrato vital\u00edcio com o canal, leva uma vida mais reservada ao lado de Rosamaria Murtinho e faz poucas apari\u00e7\u00f5es p\u00fablicas.<\/p>\n<p>Priscila Fantin<\/p>\n<p><img decoding=\"async\" loading=\"lazy\" class=\"horizontal\" src=\"https:\/\/www.europesays.com\/pt\/wp-content\/uploads\/2026\/08\/priscila-fantin_7762.jpeg\" alt=\"Reclus\u00e3o, processo e mais: 10 artistas que sumiram das novelas da Globo\"\/><\/p>\n<p data-start=\"1527\" data-end=\"1875\"><a href=\"https:\/\/natelinha.uol.com.br\/famosos\/tudo-sobre\/priscila-fantin\" rel=\"nofollow noopener\" target=\"_blank\">Priscila Fantin<\/a> n\u00e3o atua em novelas da Globo desde \u00cata Mundo Bom!, em 2016. Depois de anos como um dos rostos conhecidos da dramaturgia da emissora, a atriz passou por um per\u00edodo dif\u00edcil na vida pessoal e falou publicamente sobre sua luta contra a depress\u00e3o.<\/p>\n<p data-start=\"1527\" data-end=\"1875\">Desde ent\u00e3o, seguiu trabalhando como atriz, mas permaneceu afastada das novelas do canal. &#8220;Hoje s\u00f3 me envolvo em projetos que tenham prop\u00f3sito, sem abrir m\u00e3o da minha sa\u00fade mental. Foi uma conquista minha. N\u00e3o vou mais largar a minha vida para viver s\u00f3 o trabalho, como j\u00e1 foi . \u00c9 preciso conciliar&#8221;, declarou, em entrevista ao site Helo\u00edsa Tolipan.<\/p>\n<p>Kadu Moliterno<\/p>\n<p><img decoding=\"async\" loading=\"lazy\" class=\"horizontal\" src=\"https:\/\/www.europesays.com\/pt\/wp-content\/uploads\/2026\/08\/tvh-imagem---2026-08-07t171841_3736.jpeg\" alt=\"Reclus\u00e3o, processo e mais: 10 artistas que sumiram das novelas da Globo\"\/><\/p>\n<p data-start=\"1893\" data-end=\"2216\">Kadu Moliterno encerrou sua trajet\u00f3ria nas novelas da Globo com Alto Astral, exibida entre 2014 e 2015. Depois de d\u00e9cadas na emissora, o ator seguiu outros caminhos profissionais e passou a integrar produ\u00e7\u00f5es da Record.<\/p>\n<p data-start=\"1893\" data-end=\"2216\">Ele tamb\u00e9m entrou com um processo contra a antiga empregadora e nunca mais retornou \u00e0s novelas globais.<\/p>\n<p>Gl\u00f3ria Menezes<\/p>\n<p><img decoding=\"async\" loading=\"lazy\" class=\"horizontal\" src=\"https:\/\/www.europesays.com\/pt\/wp-content\/uploads\/2026\/08\/tvh-imagem---2026-08-06t122225_4528.jpeg\" alt=\"Reclus\u00e3o, processo e mais: 10 artistas que sumiram das novelas da Globo\"\/><\/p>\n<p data-start=\"2234\" data-end=\"2608\">Gl\u00f3ria Menezes est\u00e1 afastada das novelas desde Totalmente Demais, exibida entre 2015 e 2016. Uma das maiores atrizes da hist\u00f3ria da televis\u00e3o brasileira, ela reduziu bastante sua vida p\u00fablica nos \u00faltimos anos.<\/p>\n<p data-start=\"2234\" data-end=\"2608\">Desde a morte do marido, Tarc\u00edsio Meira, em 2021, a veterana passou a viver de maneira ainda mais reservada e aparece apenas ocasionalmente em homenagens e eventos.<\/p>\n<p>Nuno Leal Maia<\/p>\n<p><img decoding=\"async\" loading=\"lazy\" class=\"horizontal\" src=\"https:\/\/www.europesays.com\/pt\/wp-content\/uploads\/2026\/08\/tvh-imagem---2026-08-07t172915_6377.jpeg\" alt=\"Reclus\u00e3o, processo e mais: 10 artistas que sumiram das novelas da Globo\"\/><\/p>\n<p data-start=\"2626\" data-end=\"2954\">Nuno Leal Maia fez sua \u00faltima novela na Globo em Malha\u00e7\u00e3o: Intensa como a Vida, exibida em 2013. Depois de uma longa carreira na emissora, onde participou de in\u00fameros sucessos, o ator se afastou do g\u00eanero.<\/p>\n<p data-start=\"2626\" data-end=\"2954\">Ao contr\u00e1rio de outros veteranos que ainda aguardam novos convites, ele j\u00e1 declarou n\u00e3o ter inten\u00e7\u00e3o de voltar \u00e0s novelas, atualmente se dedicando ao teatro.<\/p>\n<p>Luana Piovani<\/p>\n<p><img decoding=\"async\" loading=\"lazy\" class=\"horizontal\" src=\"https:\/\/www.europesays.com\/pt\/wp-content\/uploads\/2026\/08\/tvh-imagem---2026-08-07t172233_3087.jpeg\" alt=\"Reclus\u00e3o, processo e mais: 10 artistas que sumiram das novelas da Globo\"\/><\/p>\n<p data-start=\"2971\" data-end=\"3380\">Luana Piovani est\u00e1 longe das novelas da Globo desde Guerra dos Sexos, exibida entre 2012 e 2013. Posteriormente, a atriz deixou o Brasil e passou a morar em Portugal, onde construiu uma nova rotina com os filhos.<\/p>\n<p data-start=\"2971\" data-end=\"3380\">Mesmo afastada dos folhetins, continua bastante presente na m\u00eddia, principalmente por suas manifesta\u00e7\u00f5es nas redes sociais, onde frequentemente comenta assuntos pessoais e se envolve em pol\u00eamicas.<\/p>\n<p>Ana Paula Ar\u00f3sio<\/p>\n<p><img decoding=\"async\" loading=\"lazy\" class=\"horizontal\" src=\"https:\/\/www.europesays.com\/pt\/wp-content\/uploads\/2026\/08\/tvh-imagem---2026-08-06t122157_991.jpeg\" alt=\"Reclus\u00e3o, processo e mais: 10 artistas que sumiram das novelas da Globo\"\/><\/p>\n<p data-start=\"3400\" data-end=\"3823\" data-is-last-node=\"\" data-is-only-node=\"\">Ana Paula Ar\u00f3sio protagonizou um dos afastamentos mais comentados da televis\u00e3o brasileira. Sua \u00faltima novela na Globo foi Ciranda de Pedra, em 2008, embora ainda tenha participado da s\u00e9rie Na Forma da Lei, em 2010. Escalada posteriormente para Insensato Cora\u00e7\u00e3o, deixou a produ\u00e7\u00e3o antes da estreia.<\/p>\n<p data-start=\"3400\" data-end=\"3823\" data-is-last-node=\"\" data-is-only-node=\"\">Atualmente, vive na Inglaterra e mant\u00e9m uma rotina bastante discreta, fazendo raras apari\u00e7\u00f5es p\u00fablicas e trabalhos pontuais, como campanhas publicit\u00e1rias.<\/p>\n","protected":false},"excerpt":{"rendered":"H\u00e1 mais de uma d\u00e9cada, alguns rostos que durante anos foram presen\u00e7a frequente nas novelas da Globo desapareceram&hellip;\n","protected":false},"author":2,"featured_media":480316,"comment_status":"","ping_status":"","sticky":false,"template":"","format":"standard","meta":{"footnotes":"","_share_on_mastodon":"0"},"categories":[142],"tags":[114,115,8254,56381,32,17539,33,151],"class_list":["post-480315","post","type-post","status-publish","format-standard","has-post-thumbnail","category-tv","tag-entertainment","tag-entretenimento","tag-joana-fomm","tag-mauro-mendonca","tag-portugal","tag-priscila-fantin","tag-pt","tag-tv"],"share_on_mastodon":{"url":"https:\/\/pubeurope.com\/@pt\/117065567248815357","error":""},"_links":{"self":[{"href":"https:\/\/www.europesays.com\/pt\/wp-json\/wp\/v2\/posts\/480315","targetHints":{"allow":["GET"]}}],"collection":[{"href":"https:\/\/www.europesays.com\/pt\/wp-json\/wp\/v2\/posts"}],"about":[{"href":"https:\/\/www.europesays.com\/pt\/wp-json\/wp\/v2\/types\/post"}],"author":[{"embeddable":true,"href":"https:\/\/www.europesays.com\/pt\/wp-json\/wp\/v2\/users\/2"}],"replies":[{"embeddable":true,"href":"https:\/\/www.europesays.com\/pt\/wp-json\/wp\/v2\/comments?post=480315"}],"version-history":[{"count":0,"href":"https:\/\/www.europesays.com\/pt\/wp-json\/wp\/v2\/posts\/480315\/revisions"}],"wp:featuredmedia":[{"embeddable":true,"href":"https:\/\/www.europesays.com\/pt\/wp-json\/wp\/v2\/media\/480316"}],"wp:attachment":[{"href":"https:\/\/www.europesays.com\/pt\/wp-json\/wp\/v2\/media?parent=480315"}],"wp:term":[{"taxonomy":"category","embeddable":true,"href":"https:\/\/www.europesays.com\/pt\/wp-json\/wp\/v2\/categories?post=480315"},{"taxonomy":"post_tag","embeddable":true,"href":"https:\/\/www.europesays.com\/pt\/wp-json\/wp\/v2\/tags?post=480315"}],"curies":[{"name":"wp","href":"https:\/\/api.w.org\/{rel}","templated":true}]}}