{"id":480443,"date":"2026-08-09T14:33:26","date_gmt":"2026-08-09T14:33:26","guid":{"rendered":"https:\/\/www.europesays.com\/pt\/480443\/"},"modified":"2026-08-09T14:33:26","modified_gmt":"2026-08-09T14:33:26","slug":"margarida-corceiro-apos-encontro-no-algarve-toma-decisao-inesperada-em-relacao-a-joao-felix-mas-arrepende-se","status":"publish","type":"post","link":"https:\/\/www.europesays.com\/pt\/480443\/","title":{"rendered":"Margarida Corceiro &#8211; Ap\u00f3s encontro no Algarve, toma decis\u00e3o inesperada em rela\u00e7\u00e3o a Jo\u00e3o F\u00e9lix mas arrepende-se"},"content":{"rendered":"<p><strong>Margarida Corceiro<\/strong> e <strong>Jo\u00e3o F\u00e9lix <\/strong>voltaram a dar que falar. Cerca de tr\u00eas anos depois do fim da rela\u00e7\u00e3o, os dois<a href=\"https:\/\/www.novagente.pt\/margarida-corceiro-inesperado-atriz-apanhada-em-discoteca-com-joao-felix-ex-casal-toma-decisao\" rel=\"nofollow noopener\" target=\"_blank\"> foram vistos juntos em Vilamoura<\/a>.<\/p>\n<p>O ex-casal chegou ao espa\u00e7o de divers\u00e3o noturna separados e na companhia dos respetivos grupos de amigos, mas mais tarde foram <strong>apanhados \u00e0 conversa durante v\u00e1rias horas e at\u00e9 a dan\u00e7ar na pista de dan\u00e7a<\/strong>.<\/p>\n<p>Mas houve outro pormenor que n\u00e3o passou despercebido aos mais atentos. Depois dessa noite, <a href=\"https:\/\/www.novagente.pt\/margarida-corceiro-21-fotos-que-explicam-porque-de-ser-solteira-mais-cobicada-do-momento\" rel=\"nofollow noopener\" target=\"_blank\">a atriz <\/a>e o futebolista <strong>come\u00e7aram a seguir-se novamente nas redes sociais<\/strong>, depois de terem deixado de o fazer em 2024.<\/p>\n<p>No programa <strong>Noite das Estrelas<\/strong>, da <strong>CMTV<\/strong>, deste s\u00e1bado, 8 de agosto, <strong>Ricardo Azedo<\/strong> revelou que a aproxima\u00e7\u00e3o no Instagram n\u00e3o ter\u00e1 sido assim t\u00e3o linear.<\/p>\n<blockquote>\n<p>Leia tamb\u00e9m: <a href=\"https:\/\/www.novagente.pt\/joao-felix-goza-ferias-escaldantes-em-miami-ao-lado-da-nova-conquista\" rel=\"nofollow noopener\" target=\"_blank\">Jo\u00e3o F\u00e9lix goza f\u00e9rias escaldantes em Miami ao lado da nova conquista<\/a><\/p>\n<\/blockquote>\n<p>O comentador explicou que, depois de terem confirmado que os dois se seguiam novamente, foram verificar os perfis e perceberam uma altera\u00e7\u00e3o.<\/p>\n<p><strong>\u201cDurante umas horas do dia de hoje, Margarida Corceiro deixou de seguir Jo\u00e3o F\u00e9lix para depois voltar a seguir\u201d<\/strong>, revelou, explicando que notaram este detalhe porque v\u00e1rios membros do painel de comentadores verificaram se realmente se seguiam.<\/p>\n<p>\u00a0<\/p>\n<p>Texto: Carolina Charrua; Fotos: Redes sociais e Impala<\/p>\n<p class=\"intagram-text\">Siga a Nova Gente no Instagram<\/p>\n<p>                        <a href=\"https:\/\/www.instagram.com\/revistanovagente\/\" target=\"_blank\" aria-label=\"instagram\" rel=\"noopener nofollow\"><img decoding=\"async\" style=\"display: block; margin-left: auto; margin-right: auto; width: 250px; height: 83px;\" src=\"https:\/\/www.europesays.com\/pt\/wp-content\/uploads\/2026\/08\/1786286006_787_Instagram_NG.png\" alt=\"instagram\"\/><\/a><br \/>\n                    <script async src=\"\/\/www.instagram.com\/embed.js\"><\/script><\/p>\n","protected":false},"excerpt":{"rendered":"Margarida Corceiro e Jo\u00e3o F\u00e9lix voltaram a dar que falar. Cerca de tr\u00eas anos depois do fim da&hellip;\n","protected":false},"author":2,"featured_media":480444,"comment_status":"","ping_status":"","sticky":false,"template":"","format":"standard","meta":{"footnotes":"","_share_on_mastodon":"0"},"categories":[85],"tags":[813,114,115,11384,903,719,32,33,1016,1509],"class_list":["post-480443","post","type-post","status-publish","format-standard","has-post-thumbnail","category-entretenimento","tag-atriz","tag-entertainment","tag-entretenimento","tag-futebolista","tag-joao-felix","tag-margarida-corceiro","tag-portugal","tag-pt","tag-romance","tag-separacao"],"share_on_mastodon":{"url":"https:\/\/pubeurope.com\/@pt\/117066046817197474","error":""},"_links":{"self":[{"href":"https:\/\/www.europesays.com\/pt\/wp-json\/wp\/v2\/posts\/480443","targetHints":{"allow":["GET"]}}],"collection":[{"href":"https:\/\/www.europesays.com\/pt\/wp-json\/wp\/v2\/posts"}],"about":[{"href":"https:\/\/www.europesays.com\/pt\/wp-json\/wp\/v2\/types\/post"}],"author":[{"embeddable":true,"href":"https:\/\/www.europesays.com\/pt\/wp-json\/wp\/v2\/users\/2"}],"replies":[{"embeddable":true,"href":"https:\/\/www.europesays.com\/pt\/wp-json\/wp\/v2\/comments?post=480443"}],"version-history":[{"count":0,"href":"https:\/\/www.europesays.com\/pt\/wp-json\/wp\/v2\/posts\/480443\/revisions"}],"wp:featuredmedia":[{"embeddable":true,"href":"https:\/\/www.europesays.com\/pt\/wp-json\/wp\/v2\/media\/480444"}],"wp:attachment":[{"href":"https:\/\/www.europesays.com\/pt\/wp-json\/wp\/v2\/media?parent=480443"}],"wp:term":[{"taxonomy":"category","embeddable":true,"href":"https:\/\/www.europesays.com\/pt\/wp-json\/wp\/v2\/categories?post=480443"},{"taxonomy":"post_tag","embeddable":true,"href":"https:\/\/www.europesays.com\/pt\/wp-json\/wp\/v2\/tags?post=480443"}],"curies":[{"name":"wp","href":"https:\/\/api.w.org\/{rel}","templated":true}]}}