{"id":480497,"date":"2026-08-09T15:36:27","date_gmt":"2026-08-09T15:36:27","guid":{"rendered":"https:\/\/www.europesays.com\/pt\/480497\/"},"modified":"2026-08-09T15:36:27","modified_gmt":"2026-08-09T15:36:27","slug":"tiago-blela-beija-mulher-especial-obrigado-por-viveres-esta-historia-comigo","status":"publish","type":"post","link":"https:\/\/www.europesays.com\/pt\/480497\/","title":{"rendered":"Tiago Blela beija mulher especial: &#8220;Obrigado por viveres esta hist\u00f3ria comigo&#8221;"},"content":{"rendered":"<p><a href=\"https:\/\/selfie.iol.pt\/famosos\/eva-pais\/numa-relacao-eva-pais-nao-deixa-nada-por-dizer-sobre-tiago-blela-nao-imaginava\/20260716\/6a58e39ed34e511da0b2dbfc\" target=\"_blank\" rel=\"nofollow noopener\">Tiago Blela<\/a> deixou os seguidores do Instagram rendidos com a partilha de uma s\u00e9rie de fotografias, na qual se mostra c\u00famplice da m\u00e3e.<\/p>\n<p>&#8220;Palavras n\u00e3o chegam para explicar a gratid\u00e3o e a sorte que sinto em ser teu filho. Sempre foste mais do que uma m\u00e3e, foste e sempre ser\u00e1s a minha melhor amiga, nada me deixa mais feliz do que sentir que tens orgulho em mim e no caminho que escolhi seguir, apesar de todos os altos e baixos da vida, nunca deixaste de acreditar na minha for\u00e7a e hoje tenho mais uma vez o privil\u00e9gio de comemorar contigo mais um objetivo concretizado e este com um sabor diferente, porque n\u00e3o \u00e9 todos os dias que consigo fazer uma m\u00fasica que te fa\u00e7a passar o dia inteiro a dan\u00e7ar em casa&#8221;, come\u00e7ou por referir o ex-concorrente de &#8220;<a href=\"https:\/\/tvi.iol.pt\/secretstory\/\" target=\"_blank\" rel=\"nofollow noopener\">Secret Story &#8211; Casa dos Segredos<\/a>&#8221; na legenda das imagens.<\/p>\n<p>De seguida, Tiago Blela deixou um agradecimento: &#8220;Obrigado por estares sempre aqui e por viveres esta hist\u00f3ria comigo. Deus te proteja sempre.&#8221;<\/p>\n<p>Veja, agora, as imagens partilhadas por Tiago Blela na galeria de fotografias que prepar\u00e1mos para si.<\/p>\n","protected":false},"excerpt":{"rendered":"Tiago Blela deixou os seguidores do Instagram rendidos com a partilha de uma s\u00e9rie de fotografias, na qual&hellip;\n","protected":false},"author":2,"featured_media":480498,"comment_status":"","ping_status":"","sticky":false,"template":"","format":"standard","meta":{"footnotes":"","_share_on_mastodon":"0"},"categories":[85],"tags":[2632,114,115,981,980,1015,8204,619,32,33,1014,1315,1012,57982,162],"class_list":["post-480497","post","type-post","status-publish","format-standard","has-post-thumbnail","category-entretenimento","tag-casa-dos-segredos","tag-entertainment","tag-entretenimento","tag-familia","tag-famosos","tag-instagram","tag-mae","tag-nacional","tag-portugal","tag-pt","tag-reality-show","tag-secret-story","tag-selfie","tag-tiago-blela","tag-tvi"],"share_on_mastodon":{"url":"https:\/\/pubeurope.com\/@pt\/117066294016930001","error":""},"_links":{"self":[{"href":"https:\/\/www.europesays.com\/pt\/wp-json\/wp\/v2\/posts\/480497","targetHints":{"allow":["GET"]}}],"collection":[{"href":"https:\/\/www.europesays.com\/pt\/wp-json\/wp\/v2\/posts"}],"about":[{"href":"https:\/\/www.europesays.com\/pt\/wp-json\/wp\/v2\/types\/post"}],"author":[{"embeddable":true,"href":"https:\/\/www.europesays.com\/pt\/wp-json\/wp\/v2\/users\/2"}],"replies":[{"embeddable":true,"href":"https:\/\/www.europesays.com\/pt\/wp-json\/wp\/v2\/comments?post=480497"}],"version-history":[{"count":0,"href":"https:\/\/www.europesays.com\/pt\/wp-json\/wp\/v2\/posts\/480497\/revisions"}],"wp:featuredmedia":[{"embeddable":true,"href":"https:\/\/www.europesays.com\/pt\/wp-json\/wp\/v2\/media\/480498"}],"wp:attachment":[{"href":"https:\/\/www.europesays.com\/pt\/wp-json\/wp\/v2\/media?parent=480497"}],"wp:term":[{"taxonomy":"category","embeddable":true,"href":"https:\/\/www.europesays.com\/pt\/wp-json\/wp\/v2\/categories?post=480497"},{"taxonomy":"post_tag","embeddable":true,"href":"https:\/\/www.europesays.com\/pt\/wp-json\/wp\/v2\/tags?post=480497"}],"curies":[{"name":"wp","href":"https:\/\/api.w.org\/{rel}","templated":true}]}}