{"id":48059,"date":"2025-08-28T01:09:31","date_gmt":"2025-08-28T01:09:31","guid":{"rendered":"https:\/\/www.europesays.com\/pt\/48059\/"},"modified":"2025-08-28T01:09:31","modified_gmt":"2025-08-28T01:09:31","slug":"cara-deformada-equipa-de-kina-abre-o-jogo-e-faz-esclarecimento","status":"publish","type":"post","link":"https:\/\/www.europesays.com\/pt\/48059\/","title":{"rendered":"Cara deformada? Equipa de Kina abre o jogo e faz esclarecimento!"},"content":{"rendered":"<p>Kina, nome art\u00edstico de Joaquina Branco, foi expulsa, no passado domingo, dia 24, do &#8220;<a href=\"https:\/\/tvi.iol.pt\/bigbrother\/\" target=\"_blank\" rel=\"nofollow noopener\">Big Brother<\/a> Ver\u00e3o&#8221;.<\/p>\n<p>Entretanto, recorrendo ao Instagram, a equipa de Kina fez um esclarecimento sobre um aspeto que motivou v\u00e1rios coment\u00e1rios depreciativos. &#8220;[Quero] Esclarecer que a <a href=\"https:\/\/selfie.iol.pt\/famosos\/daniela-santos\/apos-adeus-ao-big-brother-verao-kina-protagoniza-emotivo-reencontro-finalmente\/20250826\/68ade2ded34ef72ee449d178\" target=\"_blank\" rel=\"nofollow noopener\">Kina<\/a>, no programa, esteve muito inchada e at\u00e9 o corpo e a cara deformados devido a uma alergia ao p\u00f3. E ao anti-al\u00e9rgico com cortisona que lhe davam&#8221;, escreveu o representante da ex-concorrente do reality show da <a href=\"https:\/\/tvi.iol.pt\/\" target=\"_blank\" rel=\"nofollow noopener\">TVI<\/a>.<\/p>\n<p>&#8220;O rosto da Kina e a voz ressentiram-se desse ataque de alergia di\u00e1rio&#8221;, deixou ainda claro, referindo. &#8220;Se virem bem e analisarem, n\u00e3o s\u00e3o deforma\u00e7\u00f5es. A Kina nunca fez nenhuma pl\u00e1stica nem inserir botox. Felizmente, a gen\u00e9tica foi favor\u00e1vel ao seu corpo.&#8221;<\/p>\n<p>Veja, agora, nas galerias que prepar\u00e1mos para si, as melhores imagens de <a href=\"https:\/\/selfie.iol.pt\/famosos\/big-brother\/incredula-catarina-miranda-sobre-saida-de-kina-e-falsa-expulsao\/20250825\/68ac52abd34e3f0baea1f5a9\" target=\"_blank\" rel=\"nofollow noopener\">Kina<\/a>.<\/p>\n<p style=\"text-align:center\"><img loading=\"lazy\" decoding=\"async\" alt=\"\" height=\"889\" src=\"https:\/\/www.europesays.com\/pt\/wp-content\/uploads\/2025\/08\/68aed770d34ef72ee449d66a.webp\" width=\"500\"\/><\/p>\n<p>\u00a0<\/p>\n","protected":false},"excerpt":{"rendered":"Kina, nome art\u00edstico de Joaquina Branco, foi expulsa, no passado domingo, dia 24, do &#8220;Big Brother Ver\u00e3o&#8221;. Entretanto,&hellip;\n","protected":false},"author":2,"featured_media":48060,"comment_status":"","ping_status":"","sticky":false,"template":"","format":"standard","meta":{"footnotes":""},"categories":[142],"tags":[6308,48,1170,114,115,6309,980,1015,672,619,32,33,1014,1012,151,162],"class_list":{"0":"post-48059","1":"post","2":"type-post","3":"status-publish","4":"format-standard","5":"has-post-thumbnail","7":"category-tv","8":"tag-bb","9":"tag-big-brother","10":"tag-big-brother-verao","11":"tag-entertainment","12":"tag-entretenimento","13":"tag-ex-concorrente","14":"tag-famosos","15":"tag-instagram","16":"tag-kina","17":"tag-nacional","18":"tag-portugal","19":"tag-pt","20":"tag-reality-show","21":"tag-selfie","22":"tag-tv","23":"tag-tvi"},"share_on_mastodon":{"url":"","error":""},"_links":{"self":[{"href":"https:\/\/www.europesays.com\/pt\/wp-json\/wp\/v2\/posts\/48059","targetHints":{"allow":["GET"]}}],"collection":[{"href":"https:\/\/www.europesays.com\/pt\/wp-json\/wp\/v2\/posts"}],"about":[{"href":"https:\/\/www.europesays.com\/pt\/wp-json\/wp\/v2\/types\/post"}],"author":[{"embeddable":true,"href":"https:\/\/www.europesays.com\/pt\/wp-json\/wp\/v2\/users\/2"}],"replies":[{"embeddable":true,"href":"https:\/\/www.europesays.com\/pt\/wp-json\/wp\/v2\/comments?post=48059"}],"version-history":[{"count":0,"href":"https:\/\/www.europesays.com\/pt\/wp-json\/wp\/v2\/posts\/48059\/revisions"}],"wp:featuredmedia":[{"embeddable":true,"href":"https:\/\/www.europesays.com\/pt\/wp-json\/wp\/v2\/media\/48060"}],"wp:attachment":[{"href":"https:\/\/www.europesays.com\/pt\/wp-json\/wp\/v2\/media?parent=48059"}],"wp:term":[{"taxonomy":"category","embeddable":true,"href":"https:\/\/www.europesays.com\/pt\/wp-json\/wp\/v2\/categories?post=48059"},{"taxonomy":"post_tag","embeddable":true,"href":"https:\/\/www.europesays.com\/pt\/wp-json\/wp\/v2\/tags?post=48059"}],"curies":[{"name":"wp","href":"https:\/\/api.w.org\/{rel}","templated":true}]}}