{"id":480595,"date":"2026-08-09T17:19:20","date_gmt":"2026-08-09T17:19:20","guid":{"rendered":"https:\/\/www.europesays.com\/pt\/480595\/"},"modified":"2026-08-09T17:19:20","modified_gmt":"2026-08-09T17:19:20","slug":"quinze-elefantes-morrem-misteriosamente-depois-de-comerem-tomates","status":"publish","type":"post","link":"https:\/\/www.europesays.com\/pt\/480595\/","title":{"rendered":"Quinze elefantes morrem misteriosamente depois de comerem tomates"},"content":{"rendered":"<p class=\"wp-caption-text top\"><a href=\"https:\/\/commons.wikimedia.org\/wiki\/File:Dead_Elephant_Bull_(Loxodonta_africana)_in_Letaba_riverbed_(11930208004).jpg\" rel=\"nofollow noopener\" data-wpel-link=\"external\" class=\"ext-link\" target=\"_blank\">Bernard Dupont  \/ Wikipedia <\/a><\/p>\n<p><img loading=\"eager\" fetchpriority=\"high\" decoding=\"async\" class=\"size-kopa-image-size-3 wp-image-758886\" src=\"https:\/\/www.europesays.com\/pt\/wp-content\/uploads\/2026\/08\/1c383cd30b7c298ab50293adfecb7b18-783x450.jpg\" alt=\"\" width=\"700\" height=\"402\"  \/><\/p>\n<p><strong>Agricultores das proximidades do Parque Nacional de Amboseli contestam a hip\u00f3tese de os seus produtos estarem na origem das mortes<\/strong><\/p>\n<p>Quinze elefantes morreram no Parque Nacional de Amboseli, no Qu\u00e9nia, com suspeitas de envenenamento por cianeto, depois de terem comido tomates provenientes de explora\u00e7\u00f5es agr\u00edcolas pr\u00f3ximas.<\/p>\n<p>As autoridades est\u00e3o a investigar como ter\u00e1 a <strong>subst\u00e2ncia t\u00f3xica<\/strong> chegado a um ecossistema onde animais selvagens e dom\u00e9sticos coexistem com \u00e1reas agr\u00edcolas.<\/p>\n<p>Segundo revela uma reportagem da <a href=\"https:\/\/apnews.com\/article\/kenya-amboseli-elephants-dead-cyanide-farms-0b2af9a859cf4bb6d0d60413dceb1026\" data-wpel-link=\"external\" rel=\"noopener nofollow\" class=\"ext-link\" target=\"_blank\">Associated Press<\/a>, os produtores locais contestam, por\u00e9m, a hip\u00f3tese de os seus tomates terem estado na origem das mortes.<\/p>\n<p>O caso agravou as preocupa\u00e7\u00f5es com o crescente conflito entre as popula\u00e7\u00f5es e a vida selvagem na regi\u00e3o, \u00e0 medida que a agricultura se expande nas proximidades do Parque Nacional de Amboseli.<\/p>\n<p>As mortes representam tamb\u00e9m um rev\u00e9s nos esfor\u00e7os do Qu\u00e9nia para recuperar a sua popula\u00e7\u00e3o de elefantes, que passou de m\u00ednimos hist\u00f3ricos para mais de <strong>36.000 animais<\/strong> gra\u00e7as \u00e0 redu\u00e7\u00e3o da ca\u00e7a furtiva e ao refor\u00e7o das medidas de prote\u00e7\u00e3o.<\/p>\n<p><strong>Elvis Muchai<\/strong> cultiva terrenos junto aos limites de Amboseli h\u00e1 duas d\u00e9cadas. Segundo disse \u00e0 AP, durante todo esse tempo, nunca ouviu falar de agricultores que envenenassem animais selvagens.<\/p>\n<p>Por isso, recebeu com ceticismo as not\u00edcias divulgadas no m\u00eas passado segundo as quais os 15 elefantes ter\u00e3o morrido devido a envenenamento por cianeto depois de comerem tomates que poderiam estar contaminados com a subst\u00e2ncia.<\/p>\n<p>Muchai, produtor de tomate na regi\u00e3o de Kimana, explica que as comunidades locais convivem h\u00e1 muito com os elefantes, apesar das perdas frequentes de culturas quando os animais atravessam a veda\u00e7\u00e3o el\u00e9trica do parque e entram nas explora\u00e7\u00f5es, sobretudo durante a esta\u00e7\u00e3o seca.<\/p>\n<p>\u201cEstamos habituados a que os animais comam o que cultivamos\u201d, afirmou.<\/p>\n<p>No m\u00eas passado, o Kenya Wildlife Service <a href=\"https:\/\/www.facebook.com\/KenyaWildlifeService\/posts\/1464497922377430\/\" data-wpel-link=\"external\" rel=\"noopener nofollow\" class=\"ext-link\" target=\"_blank\">anunciou<\/a> a morte de 15 elefantes no ecossistema de Amboseli no espa\u00e7o de um m\u00eas. As primeiras an\u00e1lises laboratoriais detetaram cianeto, enquanto as aut\u00f3psias encontraram tomates nos est\u00f4magos dos animais.<\/p>\n<p><strong>Isaac Lekolool<\/strong>, respons\u00e1vel pelos servi\u00e7os veterin\u00e1rios da ag\u00eancia queniana para a vida selvagem, afirmou que os elefantes apresentaram sinais de \u201cparalisia e dificuldades respirat\u00f3rias\u201d antes de morrerem.<\/p>\n<p>Os testes iniciais apontaram para envenenamento por cianeto, embora estejam ainda a decorrer an\u00e1lises para determinar a concentra\u00e7\u00e3o da subst\u00e2ncia.<\/p>\n<p>\u201cAinda temos de descobrir de onde veio este cianeto\u201d, afirmou Lekolool, acrescentando que os elefantes tamb\u00e9m tinham comido melancias.<\/p>\n<p>O respons\u00e1vel apelou a cuidados redobrados no manuseamento e utiliza\u00e7\u00e3o de pesticidas nas explora\u00e7\u00f5es agr\u00edcolas.<\/p>\n<p>Kimana, junto a Amboseli, \u00e9 uma das zonas agr\u00edcolas mais produtivas do Qu\u00e9nia. A regi\u00e3o produz tomate, cebola e feij\u00e3o-verde, que seguem depois para os mercados da capital, Nairobi.<\/p>\n<p>As amostras analisadas para detetar subst\u00e2ncias t\u00f3xicas foram retiradas do conte\u00fado dos est\u00f4magos dos elefantes, enquanto continuam as an\u00e1lises \u00e0s amostras de sangue, explicou Lekolool.<\/p>\n<p>O veterin\u00e1rio rejeitou anteriores alega\u00e7\u00f5es de que o cianeto, cujo uso na atividade mineira \u00e9 regulamentado pelo Governo, pudesse estar presente no parque devido a explora\u00e7\u00e3o mineira ilegal.<\/p>\n<p>As \u00e1reas agr\u00edcolas t\u00eam vindo a expandir-se junto ao parque e o conflito entre pessoas e elefantes continua a ser a segunda principal causa de morte destes animais, depois da ca\u00e7a furtiva, segundo o Plano Nacional para os Elefantes do Qu\u00e9nia.<\/p>\n<p>Entre 2000 e 2020, pelo menos <strong>1.160 elefantes morreram<\/strong> em epis\u00f3dios relacionados com leg\u00edtima defesa ou atos de retalia\u00e7\u00e3o por parte de comunidades que procuravam proteger as suas culturas, propriedades e vidas, refere o documento.<\/p>\n<p><strong>Duncan Juma<\/strong>, diretor de comunica\u00e7\u00e3o do Kenya Wildlife Service, excluiu, contudo, a hip\u00f3tese de o conflito entre humanos e animais selvagens estar na origem destas mortes.<\/p>\n<p>\u201c<strong>A comunidade gosta destes animais<\/strong>\u201c, afirmou.<\/p>\n<p>O International Fund for Animal Welfare (IFAW) considera que a suspeita de envenenamento por cianeto evidencia a necessidade urgente de enfrentar as causas profundas dos conflitos entre pessoas e animais selvagens.<\/p>\n<p>\u201c\u00c0 medida que pessoas e elefantes partilham cada vez mais o mesmo espa\u00e7o, a prote\u00e7\u00e3o da vida selvagem e a defesa dos meios de subsist\u00eancia das comunidades t\u00eam de avan\u00e7ar lado a lado\u201d, <a href=\"https:\/\/www.ifaw.org\/press-releases\/statement-reported-15-elephant-deaths-amboseli\" data-wpel-link=\"external\" rel=\"noopener nofollow\" class=\"ext-link\" target=\"_blank\">afirmou<\/a> a organiza\u00e7\u00e3o num comunicado.<\/p>\n<p><strong>Ben Wandago<\/strong>, diretor do IFAW para a \u00c1frica Oriental, defendeu que a suspeita de envenenamento por cianeto deve ser \u201cinvestigada de forma urgente e exaustiva\u201d e recomendou a ado\u00e7\u00e3o de medidas que permitam proteger as comunidades que vivem junto ao parque e facilitar a coexist\u00eancia com os elefantes.<\/p>\n<p>\u201cEsta trag\u00e9dia sublinha tamb\u00e9m a necessidade urgente de um controlo rigoroso e de um manuseamento respons\u00e1vel de subst\u00e2ncias altamente t\u00f3xicas, para impedir que cheguem ao ambiente natural\u201d, afirmou.<\/p>\n<p>Os agricultores duvidam que o cianeto possa ter origem nos produtos habitualmente utilizados nas explora\u00e7\u00f5es.<\/p>\n<p>Muchai afirma nunca ter encontrado cianeto entre os pesticidas ou outros produtos qu\u00edmicos vendidos aos agricultores da regi\u00e3o e sublinha que os produtos dispon\u00edveis no mercado est\u00e3o sujeitos \u00e0 regulamenta\u00e7\u00e3o do Governo queniano.<\/p>\n<p>\u201cO produto qu\u00edmico de que est\u00e3o a falar, nunca o vimos nem ouvimos falar dele aqui\u201d, afirmou.<\/p>\n<p>S\u00f3 na \u00faltima \u00e9poca agr\u00edcola, os elefantes destru\u00edram cerca de 0,2 hectares da planta\u00e7\u00e3o de tomate de Muchai, causando-lhe preju\u00edzos estimados em 500.000 xelins quenianos, cerca de 3.800 d\u00f3lares (aproximadamente 3.350 euros).<\/p>\n<p>\u201cVivemos com estes animais h\u00e1 muitos anos. Eles comem as nossas culturas e muitos de n\u00f3s nunca receberam qualquer indemniza\u00e7\u00e3o\u201d, afirmou.<\/p>\n","protected":false},"excerpt":{"rendered":"Bernard Dupont \/ Wikipedia Agricultores das proximidades do Parque Nacional de Amboseli contestam a hip\u00f3tese de os seus&hellip;\n","protected":false},"author":2,"featured_media":480596,"comment_status":"","ping_status":"","sticky":false,"template":"","format":"standard","meta":{"footnotes":"","_share_on_mastodon":"0"},"categories":[50],"tags":[2713,1353,2780,27,28,269,15,16,14,25,26,21,22,62,12,13,19,20,23,24,6879,17,18,29,30,31,63,64,65],"class_list":["post-480595","post","type-post","status-publish","format-standard","has-post-thumbnail","category-mundo","tag-africa","tag-animais","tag-biodiversidade","tag-breaking-news","tag-breakingnews","tag-capa","tag-featured-news","tag-featurednews","tag-headlines","tag-latest-news","tag-latestnews","tag-main-news","tag-mainnews","tag-mundo","tag-news","tag-noticias","tag-noticias-principais","tag-noticiasprincipais","tag-principais-noticias","tag-principaisnoticias","tag-quenia","tag-top-stories","tag-topstories","tag-ultimas","tag-ultimas-noticias","tag-ultimasnoticias","tag-world","tag-world-news","tag-worldnews"],"share_on_mastodon":{"url":"https:\/\/pubeurope.com\/@pt\/117066699045428786","error":""},"_links":{"self":[{"href":"https:\/\/www.europesays.com\/pt\/wp-json\/wp\/v2\/posts\/480595","targetHints":{"allow":["GET"]}}],"collection":[{"href":"https:\/\/www.europesays.com\/pt\/wp-json\/wp\/v2\/posts"}],"about":[{"href":"https:\/\/www.europesays.com\/pt\/wp-json\/wp\/v2\/types\/post"}],"author":[{"embeddable":true,"href":"https:\/\/www.europesays.com\/pt\/wp-json\/wp\/v2\/users\/2"}],"replies":[{"embeddable":true,"href":"https:\/\/www.europesays.com\/pt\/wp-json\/wp\/v2\/comments?post=480595"}],"version-history":[{"count":0,"href":"https:\/\/www.europesays.com\/pt\/wp-json\/wp\/v2\/posts\/480595\/revisions"}],"wp:featuredmedia":[{"embeddable":true,"href":"https:\/\/www.europesays.com\/pt\/wp-json\/wp\/v2\/media\/480596"}],"wp:attachment":[{"href":"https:\/\/www.europesays.com\/pt\/wp-json\/wp\/v2\/media?parent=480595"}],"wp:term":[{"taxonomy":"category","embeddable":true,"href":"https:\/\/www.europesays.com\/pt\/wp-json\/wp\/v2\/categories?post=480595"},{"taxonomy":"post_tag","embeddable":true,"href":"https:\/\/www.europesays.com\/pt\/wp-json\/wp\/v2\/tags?post=480595"}],"curies":[{"name":"wp","href":"https:\/\/api.w.org\/{rel}","templated":true}]}}