{"id":48061,"date":"2025-08-28T01:10:15","date_gmt":"2025-08-28T01:10:15","guid":{"rendered":"https:\/\/www.europesays.com\/pt\/48061\/"},"modified":"2025-08-28T01:10:15","modified_gmt":"2025-08-28T01:10:15","slug":"ariana-grande-divulga-teaser-de-nova-tour","status":"publish","type":"post","link":"https:\/\/www.europesays.com\/pt\/48061\/","title":{"rendered":"Ariana Grande divulga teaser de nova tour\u00a0"},"content":{"rendered":"<p><img alt=\"Reprodu\u00e7\u00e3o\" loading=\"eager\" decoding=\"async\" data-nimg=\"fill\" class=\"object-contain\" style=\"position:absolute;height:100%;width:100%;left:0;top:0;right:0;bottom:0;color:transparent\"   src=\"https:\/\/www.europesays.com\/pt\/wp-content\/uploads\/2025\/08\/5394405_6daf0ba80449a73.jpg\"\/><\/p>\n<p>Ariana Grande pode entrar em turn\u00ea em 2026Reprodu\u00e7\u00e3o<\/p>\n<p>Ariana Grande pode estar embarcando em turn\u00ea mais cedo do que voc\u00ea imagina. A cantora divulgou um teaser nas redes sociais em collab com o perfil de sua nova era musical, &#8220;<strong>Brighter Days Inc.&#8221;.<\/strong><\/p>\n<p>Na imagem, a frase &#8220;Corrupt file found and corrected&#8221; (&#8220;arquivo corrompido encontrado e corrigido, em tradu\u00e7\u00e3o livre&#8221;). Em seguida, as frases &#8220;vejo voc\u00ea no pr\u00f3ximo ano&#8221; e &#8220;carregando anuncio&#8221; tomam conta da tela. Nas redes, f\u00e3s especulam que as primeiras datas de apresenta\u00e7\u00f5es devem ser divulgadas no dia 7 de setembro.\u00a0<\/p>\n<p>Um ano ap\u00f3s o lan\u00e7amento do s\u00e9timo \u00e1lbum de est\u00fadio, \u201cEternal Sunshine\u201d, a obra recebeu uma vers\u00e3o deluxe com seis novas faixas. A novidade foi divulgada pela cantora em seu Instagram e chegou as plataformas no dia 28 de mar\u00e7o deste ano.<\/p>\n<p>Apesar de o \u00e1lbum j\u00e1 ter uma segunda vers\u00e3o lan\u00e7ada em outubro de 2024, esta contava apenas com as faixas j\u00e1 conhecidas em uma vers\u00e3o ao vivo. Na edi\u00e7\u00e3o deluxe, denominada &#8220;Brighter Days Ahead\u201d, as seis novas faixas eram in\u00e9ditas.<\/p>\n<p>Para a nova turn\u00ea, o esperado \u00e9 que essas sejam as can\u00e7\u00f5es que v\u00e3o compor o lineup ao lado de cl\u00e1ssicos da cantora.\u00a0<\/p>\n","protected":false},"excerpt":{"rendered":"Ariana Grande pode entrar em turn\u00ea em 2026Reprodu\u00e7\u00e3o Ariana Grande pode estar embarcando em turn\u00ea mais cedo do&hellip;\n","protected":false},"author":2,"featured_media":48062,"comment_status":"","ping_status":"","sticky":false,"template":"","format":"standard","meta":{"footnotes":""},"categories":[141],"tags":[114,115,149,150,32,33],"class_list":{"0":"post-48061","1":"post","2":"type-post","3":"status-publish","4":"format-standard","5":"has-post-thumbnail","7":"category-musica","8":"tag-entertainment","9":"tag-entretenimento","10":"tag-music","11":"tag-musica","12":"tag-portugal","13":"tag-pt"},"share_on_mastodon":{"url":"","error":""},"_links":{"self":[{"href":"https:\/\/www.europesays.com\/pt\/wp-json\/wp\/v2\/posts\/48061","targetHints":{"allow":["GET"]}}],"collection":[{"href":"https:\/\/www.europesays.com\/pt\/wp-json\/wp\/v2\/posts"}],"about":[{"href":"https:\/\/www.europesays.com\/pt\/wp-json\/wp\/v2\/types\/post"}],"author":[{"embeddable":true,"href":"https:\/\/www.europesays.com\/pt\/wp-json\/wp\/v2\/users\/2"}],"replies":[{"embeddable":true,"href":"https:\/\/www.europesays.com\/pt\/wp-json\/wp\/v2\/comments?post=48061"}],"version-history":[{"count":0,"href":"https:\/\/www.europesays.com\/pt\/wp-json\/wp\/v2\/posts\/48061\/revisions"}],"wp:featuredmedia":[{"embeddable":true,"href":"https:\/\/www.europesays.com\/pt\/wp-json\/wp\/v2\/media\/48062"}],"wp:attachment":[{"href":"https:\/\/www.europesays.com\/pt\/wp-json\/wp\/v2\/media?parent=48061"}],"wp:term":[{"taxonomy":"category","embeddable":true,"href":"https:\/\/www.europesays.com\/pt\/wp-json\/wp\/v2\/categories?post=48061"},{"taxonomy":"post_tag","embeddable":true,"href":"https:\/\/www.europesays.com\/pt\/wp-json\/wp\/v2\/tags?post=48061"}],"curies":[{"name":"wp","href":"https:\/\/api.w.org\/{rel}","templated":true}]}}