{"id":480629,"date":"2026-08-09T18:00:14","date_gmt":"2026-08-09T18:00:14","guid":{"rendered":"https:\/\/www.europesays.com\/pt\/480629\/"},"modified":"2026-08-09T18:00:14","modified_gmt":"2026-08-09T18:00:14","slug":"iphone-17-pode-ficar-mais-caro-ja-nesta-segunda-feira-diz-rumor","status":"publish","type":"post","link":"https:\/\/www.europesays.com\/pt\/480629\/","title":{"rendered":"iPhone 17 pode ficar mais caro j\u00e1 nesta segunda-feira, diz rumor"},"content":{"rendered":"<p>Se voc\u00ea estava esperando uma boa oportunidade para comprar o seu<strong> iPhone 17<\/strong>, a not\u00edcia de hoje n\u00e3o ser\u00e1 nada animadora. Informa\u00e7\u00f5es vindas de um novo relat\u00f3rio publicado na China afirma que o <a class=\"lib tg-lib\" href=\"https:\/\/www.oficinadanet.com.br\/iphone\" rel=\"nofollow noopener\" target=\"_blank\">iPhone<\/a> 17 <strong>subir\u00e1 muito em breve<\/strong>. O reajuste chegaria nesta segunda (10). A novidade surpreende por chegar poucas semanas antes da apresenta\u00e7\u00e3o do iPhone 18 Pro, prevista para <strong>setembro<\/strong>.<\/p>\n<p>Reajuste \u00e9 inevit\u00e1vel<\/p>\n<p>A informa\u00e7\u00e3o surgiu em uma publica\u00e7\u00e3o do vazador Fixed Focus Digital no Weibo. Segundo ele, est\u00e3o circulando <a class=\"lib tg-lib\" href=\"https:\/\/www.oficinadanet.com.br\/rumores\" rel=\"nofollow noopener\" target=\"_blank\">rumores<\/a> de que<strong> o pre\u00e7o do iPhone 17 aumentar\u00e1 <\/strong>em 10 de agosto. O perfil possui um hist\u00f3rico razo\u00e1vel de informa\u00e7\u00f5es antecipadas, mas n\u00e3o revelou de onde veio exatamente tal not\u00edcia.<\/p>\n<p>Embora parecesse incomum, tal aumento n\u00e3o \u00e9 completamente inesperado. Para quem n\u00e3o sabe, a <a class=\"lib tg-lib\" href=\"https:\/\/www.oficinadanet.com.br\/apple\" rel=\"nofollow noopener\" target=\"_blank\">Apple<\/a> reajustou os pre\u00e7os de v\u00e1rios <strong>Macs<\/strong> e <strong>iPads<\/strong> em junho, alegando <strong>custos maiores<\/strong> de componentes, mem\u00f3ria e armazenamento. Na ocasi\u00e3o, os iPhones permaneceram com os mesmos valores, criando a expectativa de que haveria um aumento no futuro.<\/p>\n<p>                        <img decoding=\"async\" loading=\"lazy\" width=\"330\" height=\"186\" src=\"https:\/\/www.europesays.com\/pt\/wp-content\/uploads\/2026\/08\/20260122-091056-8.jpg\"  alt=\"iPhone 17 pode receber reajuste inesperado a poucas semanas do iPhone 18.\" title=\"iPhone 17 pode receber reajuste inesperado a poucas semanas do iPhone 18.\"\/><br \/>\n                    <a class=\"lib tg-lib\" href=\"https:\/\/www.oficinadanet.com.br\/smartphones\/apple-iphone-17\/noticias\" rel=\"nofollow noopener\" target=\"_blank\">iPhone 17<\/a> pode receber reajuste inesperado a poucas semanas do iPhone 18.<\/p>\n<p>Caso a Apple j\u00e1 tenha decidido manter o<strong> iPhone 17<\/strong> em seu cat\u00e1logo ap\u00f3s a chegada dos novos modelos, a empresa pode ter optado por antecipar a mudan\u00e7a. Dessa forma, n\u00e3o precisaria esperar pelo evento do<strong> iPhone 18 Pro <\/strong>para atualizar os valores dos aparelhos que continuar\u00e3o nas lojas durante os pr\u00f3ximos meses.<\/p>\n<p>Aumento pode afetar v\u00e1rios modelos<\/p>\n<p>\u00c9 importante ressaltar que o aumento pode n\u00e3o se limitar somente ao modelo base do <strong>iPhone 17<\/strong>. Pode infelizmente atingir outros modelos da linha. O rumor tamb\u00e9m n\u00e3o informa se a mudan\u00e7a seria global ou restrita a determinados mercados. A resposta pode aparecer <strong>nesta segunda-feira<\/strong>, quando as lojas online da<strong> Apple<\/strong> come\u00e7arem a nova semana com pre\u00e7os mais altos.<\/p>\n<p><a href=\"https:\/\/9to5mac.com\/2026\/08\/07\/iphone-17-might-get-price-increase-next-week-per-new-rumor\/\" class=\"tg-link-manual\" rel=\"nofollow  noopener\" target=\"_blank\">Fonte <\/a><\/p>\n","protected":false},"excerpt":{"rendered":"Se voc\u00ea estava esperando uma boa oportunidade para comprar o seu iPhone 17, a not\u00edcia de hoje n\u00e3o&hellip;\n","protected":false},"author":2,"featured_media":480630,"comment_status":"","ping_status":"","sticky":false,"template":"","format":"standard","meta":{"footnotes":"","_share_on_mastodon":"0"},"categories":[84],"tags":[247,109,107,108,2461,13,32,33,105,103,104,954,106,110],"class_list":["post-480629","post","type-post","status-publish","format-standard","has-post-thumbnail","category-ciencia-e-tecnologia","tag-apple","tag-ciencia","tag-ciencia-e-tecnologia","tag-cienciaetecnologia","tag-iphone-17","tag-noticias","tag-portugal","tag-pt","tag-science","tag-science-and-technology","tag-scienceandtechnology","tag-smartphones","tag-technology","tag-tecnologia"],"share_on_mastodon":{"url":"https:\/\/pubeurope.com\/@pt\/117066860846793109","error":""},"_links":{"self":[{"href":"https:\/\/www.europesays.com\/pt\/wp-json\/wp\/v2\/posts\/480629","targetHints":{"allow":["GET"]}}],"collection":[{"href":"https:\/\/www.europesays.com\/pt\/wp-json\/wp\/v2\/posts"}],"about":[{"href":"https:\/\/www.europesays.com\/pt\/wp-json\/wp\/v2\/types\/post"}],"author":[{"embeddable":true,"href":"https:\/\/www.europesays.com\/pt\/wp-json\/wp\/v2\/users\/2"}],"replies":[{"embeddable":true,"href":"https:\/\/www.europesays.com\/pt\/wp-json\/wp\/v2\/comments?post=480629"}],"version-history":[{"count":0,"href":"https:\/\/www.europesays.com\/pt\/wp-json\/wp\/v2\/posts\/480629\/revisions"}],"wp:featuredmedia":[{"embeddable":true,"href":"https:\/\/www.europesays.com\/pt\/wp-json\/wp\/v2\/media\/480630"}],"wp:attachment":[{"href":"https:\/\/www.europesays.com\/pt\/wp-json\/wp\/v2\/media?parent=480629"}],"wp:term":[{"taxonomy":"category","embeddable":true,"href":"https:\/\/www.europesays.com\/pt\/wp-json\/wp\/v2\/categories?post=480629"},{"taxonomy":"post_tag","embeddable":true,"href":"https:\/\/www.europesays.com\/pt\/wp-json\/wp\/v2\/tags?post=480629"}],"curies":[{"name":"wp","href":"https:\/\/api.w.org\/{rel}","templated":true}]}}