{"id":480711,"date":"2026-08-09T19:14:16","date_gmt":"2026-08-09T19:14:16","guid":{"rendered":"https:\/\/www.europesays.com\/pt\/480711\/"},"modified":"2026-08-09T19:14:16","modified_gmt":"2026-08-09T19:14:16","slug":"portugal-continental-enfrenta-maximas-ate-42oc-noites-tropicais-e-ceu-pouco-nublado-na-proxima-semana","status":"publish","type":"post","link":"https:\/\/www.europesays.com\/pt\/480711\/","title":{"rendered":"Portugal Continental enfrenta m\u00e1ximas at\u00e9 42\u00baC, noites tropicais e c\u00e9u pouco nublado na pr\u00f3xima semana"},"content":{"rendered":"<p>Os term\u00f3metros v\u00e3o subir ao longo da pr\u00f3xima semana em Portugal Continental, <strong>tanto no litoral como no interior<\/strong>. O c\u00e9u estar\u00e1 pouco nublado ou limpo, com algum vento no litoral e poss\u00edveis noites tropicais, pelo menos no Algarve.<\/p>\n<p>De acordo com as previs\u00f5es do Instituto Portugu\u00eas do Mar e da Atmosfera (IPMA), a temperatura m\u00e1xima vai variar, no in\u00edcio da semana, entre 22\u00baC e 30\u00baC no litoral e entre 30\u00baC e 36\u00baC no interior. <strong>A partir de meio da semana, os term\u00f3metros v\u00e3o oscilar entre 30\u00baC a 35\u00baC na regi\u00e3o da faixa costeira e 35\u00baC a 42\u00baC no interior do pa\u00eds<\/strong>.<\/p>\n<p>A ajudar \u00e0 subida das temperaturas estar\u00e1 o c\u00e9u <strong>&#8220;pouco nublado ou limpo, com nebulosidade matinal na metade oeste do continente&#8221;<\/strong>, aponta o instituto. Quanto ao vento, ser\u00e1 &#8220;em geral fraco, soprando por vezes moderado junto da faixa costeira&#8221;, durante as tardes.<\/p>\n<p>Ao mesmo tempo, as temperas m\u00ednimas v\u00e3o variar entre 14\u00baC e 20\u00baC na generalidade de Portugal Continental. <strong>A exce\u00e7\u00e3o \u00e9 o Algarve, onde as m\u00ednimas andar\u00e3o entre 20\u00baC e 25\u00baC, em especial no sotavento<\/strong>. O final da semana pode trazer noites tropicais (m\u00ednimas superiores a 20\u00baC) em &#8220;mais algumas regi\u00f5es do pa\u00eds&#8221;, a par do Algarve.<\/p>\n","protected":false},"excerpt":{"rendered":"Os term\u00f3metros v\u00e3o subir ao longo da pr\u00f3xima semana em Portugal Continental, tanto no litoral como no interior.&hellip;\n","protected":false},"author":2,"featured_media":480712,"comment_status":"","ping_status":"","sticky":false,"template":"","format":"standard","meta":{"footnotes":"","_share_on_mastodon":"0"},"categories":[10],"tags":[27,28,4110,76914,76916,15,16,14,350,25,26,21,22,76915,12,23464,13,19,20,4111,32,8429,8426,23,24,33,74347,17,18,29,30,31,293],"class_list":["post-480711","post","type-post","status-publish","format-standard","has-post-thumbnail","category-portugal","tag-breaking-news","tag-breakingnews","tag-calor-extremo","tag-ceu-limpo","tag-clima-em-portugal","tag-featured-news","tag-featurednews","tag-headlines","tag-ipma","tag-latest-news","tag-latestnews","tag-main-news","tag-mainnews","tag-minimas-elevadas","tag-news","tag-noites-tropicais","tag-noticias","tag-noticias-principais","tag-noticiasprincipais","tag-onda-de-calor","tag-portugal","tag-portugal-continental","tag-previsao-meteorologica","tag-principais-noticias","tag-principaisnoticias","tag-pt","tag-temperaturas-maximas","tag-top-stories","tag-topstories","tag-ultimas","tag-ultimas-noticias","tag-ultimasnoticias","tag-verao"],"share_on_mastodon":{"url":"","error":"Validation failed: Text character limit of 500 exceeded"},"_links":{"self":[{"href":"https:\/\/www.europesays.com\/pt\/wp-json\/wp\/v2\/posts\/480711","targetHints":{"allow":["GET"]}}],"collection":[{"href":"https:\/\/www.europesays.com\/pt\/wp-json\/wp\/v2\/posts"}],"about":[{"href":"https:\/\/www.europesays.com\/pt\/wp-json\/wp\/v2\/types\/post"}],"author":[{"embeddable":true,"href":"https:\/\/www.europesays.com\/pt\/wp-json\/wp\/v2\/users\/2"}],"replies":[{"embeddable":true,"href":"https:\/\/www.europesays.com\/pt\/wp-json\/wp\/v2\/comments?post=480711"}],"version-history":[{"count":0,"href":"https:\/\/www.europesays.com\/pt\/wp-json\/wp\/v2\/posts\/480711\/revisions"}],"wp:featuredmedia":[{"embeddable":true,"href":"https:\/\/www.europesays.com\/pt\/wp-json\/wp\/v2\/media\/480712"}],"wp:attachment":[{"href":"https:\/\/www.europesays.com\/pt\/wp-json\/wp\/v2\/media?parent=480711"}],"wp:term":[{"taxonomy":"category","embeddable":true,"href":"https:\/\/www.europesays.com\/pt\/wp-json\/wp\/v2\/categories?post=480711"},{"taxonomy":"post_tag","embeddable":true,"href":"https:\/\/www.europesays.com\/pt\/wp-json\/wp\/v2\/tags?post=480711"}],"curies":[{"name":"wp","href":"https:\/\/api.w.org\/{rel}","templated":true}]}}