{"id":481051,"date":"2026-08-10T02:18:17","date_gmt":"2026-08-10T02:18:17","guid":{"rendered":"https:\/\/www.europesays.com\/pt\/481051\/"},"modified":"2026-08-10T02:18:17","modified_gmt":"2026-08-10T02:18:17","slug":"mauro-mendonca-celebra-familia-reunida-em-foto-para-o-dia-dos-pais","status":"publish","type":"post","link":"https:\/\/www.europesays.com\/pt\/481051\/","title":{"rendered":"Mauro Mendon\u00e7a celebra fam\u00edlia reunida em foto para o Dia dos Pais"},"content":{"rendered":"<p>\n                        Aos 95 anos de idade, ator recebeu a visita de filhos e netos neste domingo, 9; momento foi compartilhado por sua mulher, Rosamaria Murtinho\n                    <\/p>\n<p class=\"text\"><b>Mauro Mendon\u00e7a<\/b> apareceu acompanhado por sua fam\u00edlia para o <b>Dia dos Pais <\/b>em uma foto publicada no Instagram por sua mulher, <b>Rosamaria Murtinho<\/b>, neste domingo, 9. Casados desde 1959, o casal de atores tem, respectivamente, 95 e 93 anos de idade.<\/p>\n<p><img decoding=\"async\" alt=\"Da esquerda para a direita: Mauro Mendon\u00e7a Filho, Pedro (neto), Sofia (neta), Mauro Mendon\u00e7a, Rosamaria Murtinho, Jo\u00e3o (filho) e Rodrigo (filho)\" class=\"img-c9672639a9934cae54d322af6b44d6b1nrr03qm2\" fetchpriority=\"high\" height=\"498\" src=\"https:\/\/www.europesays.com\/pt\/wp-content\/uploads\/2026\/08\/12793187-f2z2iatktbedddyvm53zzi64jy.jpg\"  title=\"Da esquerda para a direita: Mauro Mendon\u00e7a Filho, Pedro (neto), Sofia (neta), Mauro Mendon\u00e7a, Rosamaria Murtinho, Jo\u00e3o (filho) e Rodrigo (filho)\" width=\"664\"\/><\/p>\n<p>Da esquerda para a direita: Mauro Mendon\u00e7a Filho, Pedro (neto), Sofia (neta), Mauro Mendon\u00e7a, Rosamaria Murtinho, Jo\u00e3o (filho) e Rodrigo (filho)<\/p>\n<p>Foto: @roseiramur via Instagram \/ Estad\u00e3o<\/p>\n<p class=\"text\">&#8220;Dia dos Pais e Maur\u00e3o caindo na gargalhada com filhos e netos!&#8221;, escreveu a atriz. Estavam presentes na foto Rodrigo, Jo\u00e3o, Pedro, Sofia e <b>Mauro Mendon\u00e7a Filho<\/b>, de diversas gera\u00e7\u00f5es da fam\u00edlia. Mendon\u00e7a Filho escreveu: &#8220;Maur\u00e3o, guerreiro. N\u00e3o perde nunca o bom humor. Te amo, papai!&#8221;<\/p>\n<p class=\"text\">O ator tem enfrentado alguns problemas de sa\u00fade recentemente. Em abril, por exemplo, comemorou o anivers\u00e1rio de 95 anos enquanto estava hospitalizado. Desta vez, Rosamaria registrou a localiza\u00e7\u00e3o da foto como sendo no bairro do Leblon, na zona sul do Rio de Janeiro, mas n\u00e3o informou se \u00e9 um leito adaptado para atend\u00ea-lo em casa ou em um hospital.<\/p>\n<p><img alt=\"Mauro Mendon\u00e7a acompanhado por Rosamaria Murtinho e Sofia, neta do casal, no Dia dos Pais de 2026.\" class=\"img-69a0df16ad46819ca9b575fd1e34b0cey1fmdnlv\" decoding=\"async\" fetchpriority=\"high\" height=\"498\" loading=\"lazy\" src=\"https:\/\/www.europesays.com\/pt\/wp-content\/uploads\/2026\/08\/898652458-gvxrnkbfsng3posilatn4y7yti.jpg\"  title=\"Mauro Mendon\u00e7a acompanhado por Rosamaria Murtinho e Sofia, neta do casal, no Dia dos Pais de 2026.\" width=\"664\"\/><\/p>\n<p>Mauro Mendon\u00e7a acompanhado por Rosamaria Murtinho e Sofia, neta do casal, no Dia dos Pais de 2026.<\/p>\n<p>Foto: @roseiramur via Instagram \/ Estad\u00e3o<\/p>\n<p>Mauro Mendon\u00e7a est\u00e1 afastado da TV h\u00e1 10 anos<\/p>\n<p class=\"text\">Mauro Mendon\u00e7a \u00e9 um dos mais experientes atores da hist\u00f3ria da TV brasileira, tendo iniciado na TV Tupi, ainda nos anos 1950, e passado por diversas emissoras como Excelsior, Record e Globo.<\/p>\n<p class=\"text\">Nesta \u00faltima, esteve no elenco de novelas como \u00c1gua Viva, Sinh\u00e1 Mo\u00e7a, Sonho Meu, A Pr\u00f3xima V\u00edtima, O Profeta, A Favorita, Gabriela. Ele est\u00e1 afastado das grava\u00e7\u00f5es desde a novela \u00cata Mundo Bom!, da TV Globo, em 2016.<\/p>\n<p class=\"text\">\n","protected":false},"excerpt":{"rendered":"Aos 95 anos de idade, ator recebeu a visita de filhos e netos neste domingo, 9; momento foi&hellip;\n","protected":false},"author":2,"featured_media":481052,"comment_status":"","ping_status":"","sticky":false,"template":"","format":"standard","meta":{"footnotes":"","_share_on_mastodon":"0"},"categories":[145],"tags":[211,210,114,115,56381,76963,32,33,33091],"class_list":["post-481051","post","type-post","status-publish","format-standard","has-post-thumbnail","category-celebridades","tag-celebridades","tag-celebrities","tag-entertainment","tag-entretenimento","tag-mauro-mendonca","tag-mauro-mendonca-filho","tag-portugal","tag-pt","tag-rosamaria-murtinho"],"share_on_mastodon":{"url":"https:\/\/pubeurope.com\/@pt\/117068819099458354","error":""},"_links":{"self":[{"href":"https:\/\/www.europesays.com\/pt\/wp-json\/wp\/v2\/posts\/481051","targetHints":{"allow":["GET"]}}],"collection":[{"href":"https:\/\/www.europesays.com\/pt\/wp-json\/wp\/v2\/posts"}],"about":[{"href":"https:\/\/www.europesays.com\/pt\/wp-json\/wp\/v2\/types\/post"}],"author":[{"embeddable":true,"href":"https:\/\/www.europesays.com\/pt\/wp-json\/wp\/v2\/users\/2"}],"replies":[{"embeddable":true,"href":"https:\/\/www.europesays.com\/pt\/wp-json\/wp\/v2\/comments?post=481051"}],"version-history":[{"count":0,"href":"https:\/\/www.europesays.com\/pt\/wp-json\/wp\/v2\/posts\/481051\/revisions"}],"wp:featuredmedia":[{"embeddable":true,"href":"https:\/\/www.europesays.com\/pt\/wp-json\/wp\/v2\/media\/481052"}],"wp:attachment":[{"href":"https:\/\/www.europesays.com\/pt\/wp-json\/wp\/v2\/media?parent=481051"}],"wp:term":[{"taxonomy":"category","embeddable":true,"href":"https:\/\/www.europesays.com\/pt\/wp-json\/wp\/v2\/categories?post=481051"},{"taxonomy":"post_tag","embeddable":true,"href":"https:\/\/www.europesays.com\/pt\/wp-json\/wp\/v2\/tags?post=481051"}],"curies":[{"name":"wp","href":"https:\/\/api.w.org\/{rel}","templated":true}]}}