{"id":48106,"date":"2025-08-28T02:05:12","date_gmt":"2025-08-28T02:05:12","guid":{"rendered":"https:\/\/www.europesays.com\/pt\/48106\/"},"modified":"2025-08-28T02:05:12","modified_gmt":"2025-08-28T02:05:12","slug":"globo-divulga-as-primeiras-imagens-de-afonso-com-leucemia-em-vale-tudo","status":"publish","type":"post","link":"https:\/\/www.europesays.com\/pt\/48106\/","title":{"rendered":"Globo divulga as primeiras imagens de Afonso com leucemia em Vale Tudo"},"content":{"rendered":"<p>                        <a href=\"https:\/\/www.europesays.com\/pt\/wp-content\/uploads\/2025\/08\/Globo-divulga-as-primeiras-imagens-de-Afonso-doente-em-Vale-Tudo-5.jpg\" data-caption=\"(Foto: Manoella Mello, Globo)\" aria-label=\"(Foto: Manoella Mello, Globo)\"><img width=\"944\" height=\"531\" src=\"https:\/\/www.europesays.com\/pt\/wp-content\/uploads\/2025\/08\/Globo-divulga-as-primeiras-imagens-de-Afonso-doente-em-Vale-Tudo-5-944x531.jpg\" class=\"attachment-custom-large size-custom-large article-featured-image\" alt=\"Globo divulga as primeiras imagens de Afonso doente em Vale Tudo (5)\" fetchpriority=\"high\" decoding=\"async\"  \/><\/a><\/p>\n<p>Afonso come\u00e7ar\u00e1 a quimioterapia da leucemia em Vale Tudo (Foto: Manoella Mello, Globo)<\/p>\n<p>Depois de manchas roxas, sangramento nasal e cansa\u00e7o, Afonso (Humberto Carr\u00e3o) vai descobrir que est\u00e1 doente em Vale Tudo. No cap\u00edtulo de s\u00e1bado (30), depois de fazer v\u00e1rios exames solicitados pelo m\u00e9dico, o herdeiro dos Roitman recebe o diagn\u00f3stico: leucemia mieloide.<\/p>\n<p>Continua depois da publicidade<\/p>\n<p>A Globo divulgou nesta quarta-feira (27), as primeiras imagens de Afonso j\u00e1 doente e realizando o tratamento. Ele come\u00e7ar\u00e1 a perder cabelo e ent\u00e3o vai resolver raspar o cabelo, em uma cena que promete ser emocionante.<\/p>\n<p>Al\u00e9m disso, ele tamb\u00e9m recebe essa semana duas boas not\u00edcias. A primeira \u00e9 de que n\u00e3o \u00e9 o pai do filho que Maria de F\u00e1tima (Bella Campos) est\u00e1 esperando. A outra \u00e9 que, quando ele retoma o romance com Solange (Alice Wegmann), ela conta que ele \u00e9 o pai dos g\u00eameos que ela espera.<\/p>\n<p>Confira as primeiras imagens de Afonso j\u00e1 doente em Vale Tudo<a href=\"https:\/\/www.europesays.com\/pt\/wp-content\/uploads\/2025\/08\/Globo-divulga-as-primeiras-imagens-de-Afonso-doente-em-Vale-Tudo-8.jpg\"\/><a href=\"https:\/\/www.europesays.com\/pt\/wp-content\/uploads\/2025\/08\/Globo-divulga-as-primeiras-imagens-de-Afonso-doente-em-Vale-Tudo-8.jpg\" aria-label=\"Imagem da Galeria\"><img loading=\"lazy\" decoding=\"async\" width=\"1200\" height=\"675\" data-id=\"7627517\" src=\"https:\/\/www.europesays.com\/pt\/wp-content\/uploads\/2025\/08\/Globo-divulga-as-primeiras-imagens-de-Afonso-doente-em-Vale-Tudo-8.jpg\" alt=\"Globo divulga as primeiras imagens de Afonso doente em Vale Tudo\" class=\"wp-image-7627517\"  \/><\/a><\/p>\n<p>Solange e Afonso ficam juntos novamente (Foto: Manoella Mello, Globo)<\/p>\n<p><a href=\"https:\/\/www.europesays.com\/pt\/wp-content\/uploads\/2025\/08\/Globo-divulga-as-primeiras-imagens-de-Afonso-doente-em-Vale-Tudo-9.jpg\"\/><a href=\"https:\/\/www.europesays.com\/pt\/wp-content\/uploads\/2025\/08\/Globo-divulga-as-primeiras-imagens-de-Afonso-doente-em-Vale-Tudo-9.jpg\" aria-label=\"Imagem da Galeria\"><img loading=\"lazy\" decoding=\"async\" width=\"1200\" height=\"675\" data-id=\"7627518\" src=\"https:\/\/www.europesays.com\/pt\/wp-content\/uploads\/2025\/08\/Globo-divulga-as-primeiras-imagens-de-Afonso-doente-em-Vale-Tudo-9.jpg\" alt=\"Globo divulga as primeiras imagens de Afonso doente em Vale Tudo\" class=\"wp-image-7627518\"  \/><\/a><\/p>\n<p>Os dois retomam o romance depois da separa\u00e7\u00e3o dele de Maria de F\u00e1tima (Foto: Manoella Mello, Globo)<\/p>\n<p><a href=\"https:\/\/www.europesays.com\/pt\/wp-content\/uploads\/2025\/08\/Globo-divulga-as-primeiras-imagens-de-Afonso-doente-em-Vale-Tudo-10.jpg\"\/><a href=\"https:\/\/www.europesays.com\/pt\/wp-content\/uploads\/2025\/08\/Globo-divulga-as-primeiras-imagens-de-Afonso-doente-em-Vale-Tudo-10.jpg\" aria-label=\"Imagem da Galeria\"><img loading=\"lazy\" decoding=\"async\" width=\"1200\" height=\"675\" data-id=\"7627519\" src=\"https:\/\/www.europesays.com\/pt\/wp-content\/uploads\/2025\/08\/Globo-divulga-as-primeiras-imagens-de-Afonso-doente-em-Vale-Tudo-10.jpg\" alt=\"\" class=\"wp-image-7627519\"  \/><\/a><\/p>\n<p>Alice Wegmann e Humberto Carr\u00e3o na grava\u00e7\u00e3o (Foto: Manoella Mello, Globo)<\/p>\n<p><a href=\"https:\/\/www.europesays.com\/pt\/wp-content\/uploads\/2025\/08\/Globo-divulga-as-primeiras-imagens-de-Afonso-doente-em-Vale-Tudo-7.jpg\"\/><a href=\"https:\/\/www.europesays.com\/pt\/wp-content\/uploads\/2025\/08\/Globo-divulga-as-primeiras-imagens-de-Afonso-doente-em-Vale-Tudo-7.jpg\" aria-label=\"Imagem da Galeria\"><img loading=\"lazy\" decoding=\"async\" width=\"1200\" height=\"675\" data-id=\"7627528\" src=\"https:\/\/www.europesays.com\/pt\/wp-content\/uploads\/2025\/08\/Globo-divulga-as-primeiras-imagens-de-Afonso-doente-em-Vale-Tudo-7.jpg\" alt=\"\" class=\"wp-image-7627528\"  \/><\/a><\/p>\n<p>Casal fica junto outra vez (Foto: Manoella Mello, Globo)<\/p>\n<p><a href=\"https:\/\/www.europesays.com\/pt\/wp-content\/uploads\/2025\/08\/Globo-divulga-as-primeiras-imagens-de-Afonso-doente-em-Vale-Tudo-11.jpg\"\/><a href=\"https:\/\/www.europesays.com\/pt\/wp-content\/uploads\/2025\/08\/Globo-divulga-as-primeiras-imagens-de-Afonso-doente-em-Vale-Tudo-11.jpg\" aria-label=\"Imagem da Galeria\"><img loading=\"lazy\" decoding=\"async\" width=\"1200\" height=\"675\" data-id=\"7627520\" src=\"https:\/\/www.europesays.com\/pt\/wp-content\/uploads\/2025\/08\/Globo-divulga-as-primeiras-imagens-de-Afonso-doente-em-Vale-Tudo-11.jpg\" alt=\"Globo divulga as primeiras imagens de Afonso doente em Vale Tudo\" class=\"wp-image-7627520\"  \/><\/a><\/p>\n<p>Solange vai contar que Afonso \u00e9 pai dos g\u00eameos que ela espera (Foto: Manoella Mello, Globo)<\/p>\n<p><a href=\"https:\/\/www.europesays.com\/pt\/wp-content\/uploads\/2025\/08\/Globo-divulga-as-primeiras-imagens-de-Afonso-doente-em-Vale-Tudo-12.jpg\"\/><a href=\"https:\/\/www.europesays.com\/pt\/wp-content\/uploads\/2025\/08\/Globo-divulga-as-primeiras-imagens-de-Afonso-doente-em-Vale-Tudo-12.jpg\" aria-label=\"Imagem da Galeria\"><img loading=\"lazy\" decoding=\"async\" width=\"1200\" height=\"675\" data-id=\"7627521\" src=\"https:\/\/www.europesays.com\/pt\/wp-content\/uploads\/2025\/08\/Globo-divulga-as-primeiras-imagens-de-Afonso-doente-em-Vale-Tudo-12.jpg\" alt=\"\" class=\"wp-image-7627521\"  \/><\/a><\/p>\n<p>E ela estar\u00e1 ao lado dele na doen\u00e7a (Foto: Manoella Mello, Globo)<\/p>\n<p><a href=\"https:\/\/www.europesays.com\/pt\/wp-content\/uploads\/2025\/08\/Globo-divulga-as-primeiras-imagens-de-Afonso-doente-em-Vale-Tudo-6.jpg\"\/><a href=\"https:\/\/www.europesays.com\/pt\/wp-content\/uploads\/2025\/08\/Globo-divulga-as-primeiras-imagens-de-Afonso-doente-em-Vale-Tudo-6.jpg\" aria-label=\"Imagem da Galeria\"><img loading=\"lazy\" decoding=\"async\" width=\"1200\" height=\"675\" data-id=\"7627527\" src=\"https:\/\/www.europesays.com\/pt\/wp-content\/uploads\/2025\/08\/Globo-divulga-as-primeiras-imagens-de-Afonso-doente-em-Vale-Tudo-6.jpg\" alt=\"\" class=\"wp-image-7627527\"  \/><\/a><\/p>\n<p>Grava\u00e7\u00f5es da cena em que Afonso raspa o cabelo (Foto: Manoella Mello, Globo)<\/p>\n<p><a href=\"https:\/\/www.europesays.com\/pt\/wp-content\/uploads\/2025\/08\/Globo-divulga-as-primeiras-imagens-de-Afonso-doente-em-Vale-Tudo-5.jpg\"\/><a href=\"https:\/\/www.europesays.com\/pt\/wp-content\/uploads\/2025\/08\/Globo-divulga-as-primeiras-imagens-de-Afonso-doente-em-Vale-Tudo-5.jpg\" aria-label=\"Imagem da Galeria\"><img loading=\"lazy\" decoding=\"async\" width=\"1200\" height=\"675\" data-id=\"7627526\" src=\"https:\/\/www.europesays.com\/pt\/wp-content\/uploads\/2025\/08\/Globo-divulga-as-primeiras-imagens-de-Afonso-doente-em-Vale-Tudo-5.jpg\" alt=\"Globo divulga as primeiras imagens de Afonso doente em Vale Tudo (5)\" class=\"wp-image-7627526\"  \/><\/a><\/p>\n<p>Ele iniciar\u00e1 a quimioterapia (Foto: Manoella Mello, Globo)<\/p>\n<p><a href=\"https:\/\/www.europesays.com\/pt\/wp-content\/uploads\/2025\/08\/Globo-divulga-as-primeiras-imagens-de-Afonso-doente-em-Vale-Tudo-3.jpg\"\/><a href=\"https:\/\/www.europesays.com\/pt\/wp-content\/uploads\/2025\/08\/Globo-divulga-as-primeiras-imagens-de-Afonso-doente-em-Vale-Tudo-3.jpg\" aria-label=\"Imagem da Galeria\"><img loading=\"lazy\" decoding=\"async\" width=\"1200\" height=\"675\" data-id=\"7627524\" src=\"https:\/\/www.europesays.com\/pt\/wp-content\/uploads\/2025\/08\/Globo-divulga-as-primeiras-imagens-de-Afonso-doente-em-Vale-Tudo-3.jpg\" alt=\"\" class=\"wp-image-7627524\"  \/><\/a><\/p>\n<p>E Solange o ajuda a raspar o cabelo (Foto: Manoella Mello, Globo)<\/p>\n<p><a href=\"https:\/\/www.europesays.com\/pt\/wp-content\/uploads\/2025\/08\/Globo-divulga-as-primeiras-imagens-de-Afonso-doente-em-Vale-Tudo-4.jpg\"\/><a href=\"https:\/\/www.europesays.com\/pt\/wp-content\/uploads\/2025\/08\/Globo-divulga-as-primeiras-imagens-de-Afonso-doente-em-Vale-Tudo-4.jpg\" aria-label=\"Imagem da Galeria\"><img loading=\"lazy\" decoding=\"async\" width=\"1200\" height=\"675\" data-id=\"7627525\" src=\"https:\/\/www.europesays.com\/pt\/wp-content\/uploads\/2025\/08\/Globo-divulga-as-primeiras-imagens-de-Afonso-doente-em-Vale-Tudo-4.jpg\" alt=\"Globo divulga as primeiras imagens de Afonso doente em Vale Tudo\" class=\"wp-image-7627525\"  \/><\/a><\/p>\n<p>Afonso decidiu lutar pela vida por causa dos filhos (Foto: Manoella Mello, Globo)<\/p>\n<p><a href=\"https:\/\/www.europesays.com\/pt\/wp-content\/uploads\/2025\/08\/Globo-divulga-as-primeiras-imagens-de-Afonso-doente-em-Vale-Tudo.jpg\"\/><a href=\"https:\/\/www.europesays.com\/pt\/wp-content\/uploads\/2025\/08\/Globo-divulga-as-primeiras-imagens-de-Afonso-doente-em-Vale-Tudo.jpg\" aria-label=\"Imagem da Galeria\"><img loading=\"lazy\" decoding=\"async\" width=\"1200\" height=\"675\" data-id=\"7627529\" src=\"https:\/\/www.europesays.com\/pt\/wp-content\/uploads\/2025\/08\/Globo-divulga-as-primeiras-imagens-de-Afonso-doente-em-Vale-Tudo.jpg\" alt=\"Globo divulga as primeiras imagens de Afonso doente em Vale Tudo\" class=\"wp-image-7627529\"  \/><\/a><\/p>\n<p>Grava\u00e7\u00f5es de Vale Tudo (Foto: Manoella Mello, Globo)<\/p>\n<p><a href=\"https:\/\/www.europesays.com\/pt\/wp-content\/uploads\/2025\/08\/Globo-divulga-as-primeiras-imagens-de-Afonso-doente-em-Vale-Tudo-2.jpg\"\/><a href=\"https:\/\/www.europesays.com\/pt\/wp-content\/uploads\/2025\/08\/Globo-divulga-as-primeiras-imagens-de-Afonso-doente-em-Vale-Tudo-2.jpg\" aria-label=\"Imagem da Galeria\"><img fetchpriority=\"high\" loading=\"lazy\" decoding=\"async\" width=\"1200\" height=\"675\" data-id=\"7627523\" src=\"https:\/\/www.europesays.com\/pt\/wp-content\/uploads\/2025\/08\/Globo-divulga-as-primeiras-imagens-de-Afonso-doente-em-Vale-Tudo-2.jpg\" alt=\"Globo divulga as primeiras imagens de Afonso doente em Vale Tudo\" class=\"wp-image-7627523\"  \/><\/a><\/p>\n<p>Afonso e Solange v\u00e3o enfrentar juntos o tratamento dele (Foto: Manoella Mello, Globo)<\/p>\n<p>VoltarAvan\u00e7ar<\/p>\n<p>Continua depois da publicidade<\/p>\n<p>Dr. Fernando (Gilberto Filho), revelar\u00e1 a Afonso que a leucemia \u00e9 uma doen\u00e7a que ataca os gl\u00f3bulos brancos, e que mesmo uma pessoa considerada saud\u00e1vel pode ter a doen\u00e7a. O m\u00e9dico tamb\u00e9m contar\u00e1 que o tratamento de Afonso ser\u00e1 longo e envolver\u00e1 quimioterapia.<\/p>\n<p>Ao saber que ser\u00e1 pai de duas crian\u00e7as que Solange est\u00e1 esperando, Afonso decide come\u00e7ar o tratamento e inicia a quimioterapia. Quando isso acontecer, ele j\u00e1 ter\u00e1 deixado a mans\u00e3o de Celina (Malu Galli) e estar\u00e1 morando sozinho em um apartamento.<\/p>\n<p><strong><a href=\"https:\/\/www.nsctotal.com.br\/noticias\/compare-o-elenco-completo-de-vale-tudo-com-a-versao-original-de-1988\" target=\"_blank\" rel=\"noreferrer noopener nofollow\">Compare o elenco completo de Vale Tudo com a vers\u00e3o original de 1988<\/a><\/strong><\/p>\n","protected":false},"excerpt":{"rendered":"Afonso come\u00e7ar\u00e1 a quimioterapia da leucemia em Vale Tudo (Foto: Manoella Mello, Globo) Depois de manchas roxas, sangramento&hellip;\n","protected":false},"author":2,"featured_media":48107,"comment_status":"","ping_status":"","sticky":false,"template":"","format":"standard","meta":{"footnotes":""},"categories":[142],"tags":[114,115,32,33,151,543],"class_list":{"0":"post-48106","1":"post","2":"type-post","3":"status-publish","4":"format-standard","5":"has-post-thumbnail","7":"category-tv","8":"tag-entertainment","9":"tag-entretenimento","10":"tag-portugal","11":"tag-pt","12":"tag-tv","13":"tag-ver-ouvir-ler"},"share_on_mastodon":{"url":"","error":""},"_links":{"self":[{"href":"https:\/\/www.europesays.com\/pt\/wp-json\/wp\/v2\/posts\/48106","targetHints":{"allow":["GET"]}}],"collection":[{"href":"https:\/\/www.europesays.com\/pt\/wp-json\/wp\/v2\/posts"}],"about":[{"href":"https:\/\/www.europesays.com\/pt\/wp-json\/wp\/v2\/types\/post"}],"author":[{"embeddable":true,"href":"https:\/\/www.europesays.com\/pt\/wp-json\/wp\/v2\/users\/2"}],"replies":[{"embeddable":true,"href":"https:\/\/www.europesays.com\/pt\/wp-json\/wp\/v2\/comments?post=48106"}],"version-history":[{"count":0,"href":"https:\/\/www.europesays.com\/pt\/wp-json\/wp\/v2\/posts\/48106\/revisions"}],"wp:featuredmedia":[{"embeddable":true,"href":"https:\/\/www.europesays.com\/pt\/wp-json\/wp\/v2\/media\/48107"}],"wp:attachment":[{"href":"https:\/\/www.europesays.com\/pt\/wp-json\/wp\/v2\/media?parent=48106"}],"wp:term":[{"taxonomy":"category","embeddable":true,"href":"https:\/\/www.europesays.com\/pt\/wp-json\/wp\/v2\/categories?post=48106"},{"taxonomy":"post_tag","embeddable":true,"href":"https:\/\/www.europesays.com\/pt\/wp-json\/wp\/v2\/tags?post=48106"}],"curies":[{"name":"wp","href":"https:\/\/api.w.org\/{rel}","templated":true}]}}