{"id":481485,"date":"2026-08-10T12:47:10","date_gmt":"2026-08-10T12:47:10","guid":{"rendered":"https:\/\/www.europesays.com\/pt\/481485\/"},"modified":"2026-08-10T12:47:10","modified_gmt":"2026-08-10T12:47:10","slug":"uma-ameaca-construcao-de-grande-fabrica-da-china-em-espanha-esta-a-criar-divisoes","status":"publish","type":"post","link":"https:\/\/www.europesays.com\/pt\/481485\/","title":{"rendered":"&#8220;Uma amea\u00e7a&#8221;. Constru\u00e7\u00e3o de grande f\u00e1brica da China em Espanha est\u00e1 a criar divis\u00f5es"},"content":{"rendered":"<p>                Ali mesmo ao lado est\u00e1 uma das instala\u00e7\u00f5es mais importantes da Armada espanhola, num local fulcral para a NATO, que agora pode ver chegar um potencial inimigo<\/p>\n<p style=\"margin-bottom:11px\">O an\u00fancio foi feito quase como uma esp\u00e9cie de motor econ\u00f3mico para uma regi\u00e3o que faz fronteira com Portugal, mas agora soam os primeiros alertas para o que est\u00e1 prestes a acontecer na Galiza.<\/p>\n<p>Est\u00e1 para chegar \u201co maior projeto internacional das \u00faltimas d\u00e9cadas\u201d naquela regi\u00e3o, de acordo com a conselheira de Economia e Ind\u00fastria local, Mar\u00eda Jes\u00fas Lorenzana, que preferiu puxar pelo lado bom, enquanto surgem alertas que d\u00e3o que pensar.<\/p>\n<p>A constru\u00e7\u00e3o da primeira f\u00e1brica de ve\u00edculos el\u00e9tricos da China em Espanha est\u00e1 a causar pol\u00e9mica. Se economicamente \u00e9 tido como certo que a chegada da SAIC Motor a Ferrol vai ser um galvanizador, as preocupa\u00e7\u00f5es de seguran\u00e7a est\u00e3o a deixar muitos de p\u00e9 atr\u00e1s.<\/p>\n<p>Falamos da dona da MG, que j\u00e1 vende mais de 350 mil ve\u00edculos por ano no continente europeu, e que pretende cimentar essa sua posi\u00e7\u00e3o. O objetivo com a instala\u00e7\u00e3o de uma f\u00e1brica em Espanha passa por contornar as elevadas tarifas que a Uni\u00e3o Europeia colocou sobre os autom\u00f3veis produzidos na China, algumas delas a 45%.<\/p>\n<p>\u00c9 que Bruxelas entende que Pequim est\u00e1 a inundar o mercado comunit\u00e1rio com ve\u00edculos de baixo custo, pelo que tentou arranjar mecanismos de o evitar. Perante isso, as marcas chinesas pensaram numa solu\u00e7\u00e3o alternativa: construir e exportar j\u00e1 dentro dos 27.<\/p>\n<p>O or\u00e7amento inicial deste projeto aponta para 200 milh\u00f5es de euros e para a cria\u00e7\u00e3o de mil empregos diretos, estimando-se uma produ\u00e7\u00e3o anual de 120 mil ve\u00edculos. O governo da Galiza concedeu \u00e0 f\u00e1brica um car\u00e1ter de \u201cprojeto industrial estrat\u00e9gico\u201d, o que acelera todas as burocracias necess\u00e1rias para tal empreendimento, prevendo-se que as obras arranquem em 2027 e que a produ\u00e7\u00e3o possa come\u00e7ar ainda em 2028.<\/p>\n<p>Se tivermos ainda em conta que a 13 quil\u00f3metros dali, em Mandi\u00e1, se dever\u00e3o localizar v\u00e1rias infraestruturas auxiliares, percebem-se as palavras de Mar\u00eda Jes\u00fas Lorenzana, que sabe que este investimento tem ainda de ir ao Conselho de Ministros de Espanha.<\/p>\n<p>Entusiasmo do lado galego, portanto, mas preocupa\u00e7\u00e3o em Madrid, onde, de acordo com o <a href=\"https:\/\/elpais.com\/espana\/2026-08-10\/la-instalacion-de-una-planta-china-junto-a-la-base-naval-de-ferrol-enciende-las-alertas-en-defensa-y-el-cni.html\" target=\"_blank\" rel=\"nofollow noopener\">El Pa\u00eds<\/a>, o Minist\u00e9rio da Defesa e o Centro Nacional de Inteligencia (CNI) j\u00e1 emitiram alertas para o que a\u00ed vem.<\/p>\n<p>Desde logo por quest\u00f5es militares. \u00c9 que a dist\u00e2ncia entre a zona de Ferrol onde vai ser feita a constru\u00e7\u00e3o e o porto exterior \u00e9 de apenas cinco quil\u00f3metros. \u00c9 precisamente nessa zona que est\u00e1 a principal instala\u00e7\u00e3o da Marinha espanhola no norte do pa\u00eds, com cinco fragatas instaladas para lidar com eventuais amea\u00e7as.<\/p>\n<p>Al\u00e9m disso, em Ferrol est\u00e3o v\u00e1rios mecanismos e dispositivos de defesa, desde logo um centro de certifica\u00e7\u00e3o e manuten\u00e7\u00e3o de m\u00edsseis e torpedos. \u00c9 tamb\u00e9m ali que se constroem as fragatas mais modernas da Marinha espanhola.<\/p>\n<p>Olhando para tudo isso, o Minist\u00e9rio da Defesa de Espanha v\u00ea raz\u00f5es para preocupa\u00e7\u00f5es &#8211; \u00e9 &#8220;uma amea\u00e7a&#8221;, avisou, segundo o <a href=\"https:\/\/www.elmundo.es\/espana\/2026\/08\/09\/6a78669be9cf4ad41f8b456e.html\" target=\"_blank\" rel=\"nofollow noopener\">El Mundo<\/a> &#8211; com a instala\u00e7\u00e3o de uma f\u00e1brica de uma empresa que pertence ao Estado chin\u00eas naquela mesma zona.<\/p>\n<p>O El Pa\u00eds escreve que a ministra da Defesa, Margarita Robles, j\u00e1 transmitiu a sua preocupa\u00e7\u00e3o ao presidente da Galiza, mas o comprometimento de Alfonso Rueda parece estar mais virado para que se avance o projeto, j\u00e1 que o respons\u00e1vel o considera estrat\u00e9gico para recuperar o tecido industrial da sua regi\u00e3o.<\/p>\n<p>Resta saber como vai evoluir a quest\u00e3o, ainda para mais com uma Espanha fr\u00e1gil na NATO, onde continua a ser atacada pelos Estados Unidos. A possibilidade de vir a ser alvo de espionagem e at\u00e9 de ciberataques da China certamente que n\u00e3o agradar\u00e1 \u00e0 Alian\u00e7a Atl\u00e2ntica.<\/p>\n","protected":false},"excerpt":{"rendered":"Ali mesmo ao lado est\u00e1 uma das instala\u00e7\u00f5es mais importantes da Armada espanhola, num local fulcral para a&hellip;\n","protected":false},"author":2,"featured_media":481486,"comment_status":"","ping_status":"","sticky":false,"template":"","format":"standard","meta":{"footnotes":"","_share_on_mastodon":"0"},"categories":[50],"tags":[609,836,611,27,28,358,607,608,333,832,604,135,610,476,640,15,16,77054,16201,301,830,14,603,25,26,570,21,22,831,833,62,834,12,13,19,20,835,602,52,32,23,24,17,18,29,30,31,39844,63,64,65],"class_list":["post-481485","post","type-post","status-publish","format-standard","has-post-thumbnail","category-mundo","tag-alerta","tag-analise","tag-ao-minuto","tag-breaking-news","tag-breakingnews","tag-china","tag-cnn","tag-cnn-portugal","tag-comentadores","tag-costa","tag-crime","tag-desporto","tag-direto","tag-economia","tag-espanha","tag-featured-news","tag-featurednews","tag-ferrol","tag-galiza","tag-governo","tag-guerra","tag-headlines","tag-justica","tag-latest-news","tag-latestnews","tag-live","tag-main-news","tag-mainnews","tag-mais-vistas","tag-marcelo","tag-mundo","tag-negocios","tag-news","tag-noticias","tag-noticias-principais","tag-noticiasprincipais","tag-opiniao","tag-pais","tag-politica","tag-portugal","tag-principais-noticias","tag-principaisnoticias","tag-top-stories","tag-topstories","tag-ultimas","tag-ultimas-noticias","tag-ultimasnoticias","tag-veiculos-eletricos","tag-world","tag-world-news","tag-worldnews"],"share_on_mastodon":{"url":"","error":"Validation failed: Text character limit of 500 exceeded"},"_links":{"self":[{"href":"https:\/\/www.europesays.com\/pt\/wp-json\/wp\/v2\/posts\/481485","targetHints":{"allow":["GET"]}}],"collection":[{"href":"https:\/\/www.europesays.com\/pt\/wp-json\/wp\/v2\/posts"}],"about":[{"href":"https:\/\/www.europesays.com\/pt\/wp-json\/wp\/v2\/types\/post"}],"author":[{"embeddable":true,"href":"https:\/\/www.europesays.com\/pt\/wp-json\/wp\/v2\/users\/2"}],"replies":[{"embeddable":true,"href":"https:\/\/www.europesays.com\/pt\/wp-json\/wp\/v2\/comments?post=481485"}],"version-history":[{"count":0,"href":"https:\/\/www.europesays.com\/pt\/wp-json\/wp\/v2\/posts\/481485\/revisions"}],"wp:featuredmedia":[{"embeddable":true,"href":"https:\/\/www.europesays.com\/pt\/wp-json\/wp\/v2\/media\/481486"}],"wp:attachment":[{"href":"https:\/\/www.europesays.com\/pt\/wp-json\/wp\/v2\/media?parent=481485"}],"wp:term":[{"taxonomy":"category","embeddable":true,"href":"https:\/\/www.europesays.com\/pt\/wp-json\/wp\/v2\/categories?post=481485"},{"taxonomy":"post_tag","embeddable":true,"href":"https:\/\/www.europesays.com\/pt\/wp-json\/wp\/v2\/tags?post=481485"}],"curies":[{"name":"wp","href":"https:\/\/api.w.org\/{rel}","templated":true}]}}