{"id":481587,"date":"2026-08-10T14:18:12","date_gmt":"2026-08-10T14:18:12","guid":{"rendered":"https:\/\/www.europesays.com\/pt\/481587\/"},"modified":"2026-08-10T14:18:12","modified_gmt":"2026-08-10T14:18:12","slug":"o-mirante-jovem-ferido-grave-na-adega-de-almeirim-estava-a-fazer-a-campanha-pela-primeira-vez","status":"publish","type":"post","link":"https:\/\/www.europesays.com\/pt\/481587\/","title":{"rendered":"O MIRANTE | Jovem ferido grave na Adega de Almeirim estava a fazer a campanha pela primeira vez"},"content":{"rendered":"\n<p class=\"MsoNormal\">Um jovem de 18 anos sofreu ferimentos graves na manh\u00e3 desta segunda\u2011feira, 10 de Agosto, na Adega Cooperativa de Almeirim, quando montava um dep\u00f3sito no \u00e2mbito dos contratos sazonais da campanha da vindima. O acidente ocorreu durante trabalhos de prepara\u00e7\u00e3o de equipamento, tendo o jovem ca\u00eddo dentro de um dep\u00f3sito que tem umas p\u00e1s rotativas, que estariam a funcionar, e onde o jovem ficou entalado.<\/p>\n<p class=\"MsoNormal\">Contactado por O MIRANTE, o presidente da Adega Cooperativa de Almeirim, Manuel Gabirra, explica que o trabalhador \u201cestava a montar um dep\u00f3sito quando se deu o acidente\u201d e que esta era a primeira vez que o jovem trabalhava na adega, integrado nos contratos tempor\u00e1rios para a vindima.<\/p>\n<p class=\"MsoNormal\">O respons\u00e1vel sublinha que a situa\u00e7\u00e3o \u00e9 in\u00e9dita na institui\u00e7\u00e3o: \u201cEm tantos anos que acompanho as campanhas, nunca aconteceu uma situa\u00e7\u00e3o destas\u201d. Manuel Gabirra, que lamenta o acidente, refor\u00e7a que todos os trabalhadores sazonais passam por forma\u00e7\u00e3o sobre o trabalho e as quest\u00f5es de seguran\u00e7a antes de iniciarem fun\u00e7\u00f5es.<\/p>\n","protected":false},"excerpt":{"rendered":"Um jovem de 18 anos sofreu ferimentos graves na manh\u00e3 desta segunda\u2011feira, 10 de Agosto, na Adega Cooperativa&hellip;\n","protected":false},"author":2,"featured_media":481588,"comment_status":"","ping_status":"","sticky":false,"template":"","format":"standard","meta":{"footnotes":"","_share_on_mastodon":"0"},"categories":[10],"tags":[27,28,15,16,14,6569,6568,25,26,21,22,12,13,19,20,32,23,24,33,3551,5314,17,18,29,30,31],"class_list":["post-481587","post","type-post","status-publish","format-standard","has-post-thumbnail","category-portugal","tag-breaking-news","tag-breakingnews","tag-featured-news","tag-featurednews","tag-headlines","tag-jornal-regional","tag-jornalismo-de-proximidade","tag-latest-news","tag-latestnews","tag-main-news","tag-mainnews","tag-news","tag-noticias","tag-noticias-principais","tag-noticiasprincipais","tag-portugal","tag-principais-noticias","tag-principaisnoticias","tag-pt","tag-regiao","tag-ribatejo","tag-top-stories","tag-topstories","tag-ultimas","tag-ultimas-noticias","tag-ultimasnoticias"],"share_on_mastodon":{"url":"https:\/\/pubeurope.com\/@pt\/117071649848624241","error":""},"_links":{"self":[{"href":"https:\/\/www.europesays.com\/pt\/wp-json\/wp\/v2\/posts\/481587","targetHints":{"allow":["GET"]}}],"collection":[{"href":"https:\/\/www.europesays.com\/pt\/wp-json\/wp\/v2\/posts"}],"about":[{"href":"https:\/\/www.europesays.com\/pt\/wp-json\/wp\/v2\/types\/post"}],"author":[{"embeddable":true,"href":"https:\/\/www.europesays.com\/pt\/wp-json\/wp\/v2\/users\/2"}],"replies":[{"embeddable":true,"href":"https:\/\/www.europesays.com\/pt\/wp-json\/wp\/v2\/comments?post=481587"}],"version-history":[{"count":0,"href":"https:\/\/www.europesays.com\/pt\/wp-json\/wp\/v2\/posts\/481587\/revisions"}],"wp:featuredmedia":[{"embeddable":true,"href":"https:\/\/www.europesays.com\/pt\/wp-json\/wp\/v2\/media\/481588"}],"wp:attachment":[{"href":"https:\/\/www.europesays.com\/pt\/wp-json\/wp\/v2\/media?parent=481587"}],"wp:term":[{"taxonomy":"category","embeddable":true,"href":"https:\/\/www.europesays.com\/pt\/wp-json\/wp\/v2\/categories?post=481587"},{"taxonomy":"post_tag","embeddable":true,"href":"https:\/\/www.europesays.com\/pt\/wp-json\/wp\/v2\/tags?post=481587"}],"curies":[{"name":"wp","href":"https:\/\/api.w.org\/{rel}","templated":true}]}}