{"id":481607,"date":"2026-08-10T14:32:44","date_gmt":"2026-08-10T14:32:44","guid":{"rendered":"https:\/\/www.europesays.com\/pt\/481607\/"},"modified":"2026-08-10T14:32:44","modified_gmt":"2026-08-10T14:32:44","slug":"o-mirante-homem-de-40-anos-morre-na-praia-fluvial-de-aldeia-do-mato","status":"publish","type":"post","link":"https:\/\/www.europesays.com\/pt\/481607\/","title":{"rendered":"O MIRANTE | Homem de 40 anos morre na praia fluvial de Aldeia do Mato"},"content":{"rendered":"<p>     <img decoding=\"async\" src=\"https:\/\/www.europesays.com\/pt\/wp-content\/uploads\/2026\/08\/mw-900.webp\" alt=\"Praia Fluvial da Aldeia do Mato \u00e9 uma favorita de muitos veraneantes - foto O MIRANTE\" title=\"Praia Fluvial da Aldeia do Mato \u00e9 uma favorita de muitos veraneantes - foto O MIRANTE\"\/>   <\/p>\n<p>Um homem de 40 anos morreu na tarde de s\u00e1bado, 8 de Agosto, na praia fluvial de Aldeia do Mato, no concelho de Abrantes. A v\u00edtima entrou em paragem cardiorrespirat\u00f3ria e, apesar das manobras de reanima\u00e7\u00e3o, o \u00f3bito acabou por ser declarado no local.<\/p>\n<p> O alerta foi dado pelas 14h09, atrav\u00e9s do Centro de Orienta\u00e7\u00e3o de Doentes Urgentes (CODU), para um homem em paragem cardiorrespirat\u00f3ria na praia fluvial de Aldeia do Mato, situada na albufeira de Castelo do Bode. <\/p>\n<p> Para o local foram mobilizados os Bombeiros Volunt\u00e1rios de Abrantes e a Viatura M\u00e9dica de Emerg\u00eancia e Reanima\u00e7\u00e3o (VMER) da Unidade Local de Sa\u00fade do M\u00e9dio Tejo. <\/p>\n<p> Quando os meios de socorro chegaram, o homem encontrava-se em paragem cardiorrespirat\u00f3ria. Os bombeiros e a equipa m\u00e9dica realizaram manobras de reanima\u00e7\u00e3o, mas sem sucesso, tendo a morte sido declarada no local pelo m\u00e9dico da VMER. <\/p>\n<p> A ocorr\u00eancia mobilizou seis operacionais dos bombeiros, INEM e GNR, apoiados por tr\u00eas viaturas. <\/p>\n<p> As causas da morte ainda n\u00e3o s\u00e3o conhecidas. A GNR tomou conta da ocorr\u00eancia. <\/p>\n","protected":false},"excerpt":{"rendered":"Um homem de 40 anos morreu na tarde de s\u00e1bado, 8 de Agosto, na praia fluvial de Aldeia&hellip;\n","protected":false},"author":2,"featured_media":481608,"comment_status":"","ping_status":"","sticky":false,"template":"","format":"standard","meta":{"footnotes":"","_share_on_mastodon":"0"},"categories":[10],"tags":[27,28,15,16,14,6569,6568,25,26,21,22,12,13,19,20,32,23,24,33,3551,5314,17,18,29,30,31],"class_list":["post-481607","post","type-post","status-publish","format-standard","has-post-thumbnail","category-portugal","tag-breaking-news","tag-breakingnews","tag-featured-news","tag-featurednews","tag-headlines","tag-jornal-regional","tag-jornalismo-de-proximidade","tag-latest-news","tag-latestnews","tag-main-news","tag-mainnews","tag-news","tag-noticias","tag-noticias-principais","tag-noticiasprincipais","tag-portugal","tag-principais-noticias","tag-principaisnoticias","tag-pt","tag-regiao","tag-ribatejo","tag-top-stories","tag-topstories","tag-ultimas","tag-ultimas-noticias","tag-ultimasnoticias"],"share_on_mastodon":{"url":"https:\/\/pubeurope.com\/@pt\/117071705068003899","error":""},"_links":{"self":[{"href":"https:\/\/www.europesays.com\/pt\/wp-json\/wp\/v2\/posts\/481607","targetHints":{"allow":["GET"]}}],"collection":[{"href":"https:\/\/www.europesays.com\/pt\/wp-json\/wp\/v2\/posts"}],"about":[{"href":"https:\/\/www.europesays.com\/pt\/wp-json\/wp\/v2\/types\/post"}],"author":[{"embeddable":true,"href":"https:\/\/www.europesays.com\/pt\/wp-json\/wp\/v2\/users\/2"}],"replies":[{"embeddable":true,"href":"https:\/\/www.europesays.com\/pt\/wp-json\/wp\/v2\/comments?post=481607"}],"version-history":[{"count":0,"href":"https:\/\/www.europesays.com\/pt\/wp-json\/wp\/v2\/posts\/481607\/revisions"}],"wp:featuredmedia":[{"embeddable":true,"href":"https:\/\/www.europesays.com\/pt\/wp-json\/wp\/v2\/media\/481608"}],"wp:attachment":[{"href":"https:\/\/www.europesays.com\/pt\/wp-json\/wp\/v2\/media?parent=481607"}],"wp:term":[{"taxonomy":"category","embeddable":true,"href":"https:\/\/www.europesays.com\/pt\/wp-json\/wp\/v2\/categories?post=481607"},{"taxonomy":"post_tag","embeddable":true,"href":"https:\/\/www.europesays.com\/pt\/wp-json\/wp\/v2\/tags?post=481607"}],"curies":[{"name":"wp","href":"https:\/\/api.w.org\/{rel}","templated":true}]}}