{"id":481842,"date":"2026-08-10T17:40:18","date_gmt":"2026-08-10T17:40:18","guid":{"rendered":"https:\/\/www.europesays.com\/pt\/481842\/"},"modified":"2026-08-10T17:40:18","modified_gmt":"2026-08-10T17:40:18","slug":"mariah-carey-anuncia-show-extra-de-turne-natalina-no-brasil-show-e-lazer-seu-guia-oficial-do-fim-de-semana-carioca","status":"publish","type":"post","link":"https:\/\/www.europesays.com\/pt\/481842\/","title":{"rendered":"Mariah Carey anuncia show extra de turn\u00ea natalina no Brasil | Show e Lazer &#8211; Seu guia oficial do fim de semana carioca"},"content":{"rendered":"<p>                                        Mariah Carey anuncia show extra no Brasil \t  &#8211; Reprodu\u00e7\u00e3o do Instagram<\/p>\n<p class=\"content-media__description\">Mariah Carey anuncia show extra no Brasil \t Reprodu\u00e7\u00e3o do Instagram<\/p>\n<p>                                                        Publicado 10\/08\/2026 11:16 | Atualizado 10\/08\/2026 13:36\n                    <\/p>\n<p>                    Rio &#8211; <a href=\"https:\/\/odia.ig.com.br\/diversao\/celebridades\/2026\/05\/7256630-mariah-carey-traz-turne-natalina-inedita-ao-brasil-confira-valores-dos-ingressos.html\" rel=\"nofollow noopener\" target=\"_blank\">Mariah Carey,<\/a> de 57 anos, far\u00e1 mais um show da turn\u00ea &#8220;Mariah Carey\u2019s Christmas Time&#8221; no Brasil neste ano. A cantora se apresentar\u00e1\u00a0no dia\u00a018 de novembro, no\u00a0Nubank Parque, em S\u00e3o Paulo. A novidade foi anunciada por meio das redes sociais nesta segunda-feira (10).\u00a0\u00a0<\/p>\n<p>Clientes do Private Bank e do Ita\u00fa Personnalit\u00e9 poder\u00e3o comprar as entradas a partir desta ter\u00e7a (11), ao meio-dia. J\u00e1 os demais clientes do banco poder\u00e3o garantir os ingressos, na quarta-feira (12), no mesmo hor\u00e1rio.\u00a0A venda geral come\u00e7ar\u00e1 na quinta-feira (13), no site da Eventim.<\/p>\n<p>Dona do sucesso &#8220;All I Want for Christmas Is You&#8221;, a artista tamb\u00e9m se apresentar\u00e1 dia 17 no\u00a0Nubank Parque, e no dia 21 de novembro, na \u00e1rea externa da Farmasi Arena, na Zona Sudoeste do Rio, como divulgado anteriormente.\u00a0<\/p>\n<p>A \u00faltima\u00a0passagem de Mariah ao Brasil aconteceu em 2025, quando participou do<a href=\"https:\/\/odia.ig.com.br\/diversao\/celebridades\/2025\/09\/7129000-video-ivete-sangalo-mostra-encontro-com-mariah-carey-minha-melhor-amiga.html\" rel=\"nofollow noopener\" target=\"_blank\"> The Town<\/a> e\u00a0do <a href=\"https:\/\/odia.ig.com.br\/diversao\/celebridades\/2025\/09\/7131203-mariah-carey-capricha-nos-falsetes-e-se-declara-no-amazonia-live-te-amo.html\" rel=\"nofollow noopener\" target=\"_blank\">Amaz\u00f4nia Live<\/a>, em Bel\u00e9m, no Par\u00e1.\u00a0<\/p>\n","protected":false},"excerpt":{"rendered":"Mariah Carey anuncia show extra no Brasil &#8211; Reprodu\u00e7\u00e3o do Instagram Mariah Carey anuncia show extra no Brasil&hellip;\n","protected":false},"author":2,"featured_media":481843,"comment_status":"","ping_status":"","sticky":false,"template":"","format":"standard","meta":{"footnotes":"","_share_on_mastodon":"0"},"categories":[141],"tags":[726,114,115,272,149,150,32,33,574,77096],"class_list":["post-481842","post","type-post","status-publish","format-standard","has-post-thumbnail","category-musica","tag-brasil","tag-entertainment","tag-entretenimento","tag-mariah-carey","tag-music","tag-musica","tag-portugal","tag-pt","tag-show","tag-turne-natalina"],"share_on_mastodon":{"url":"https:\/\/pubeurope.com\/@pt\/117072443754256133","error":""},"_links":{"self":[{"href":"https:\/\/www.europesays.com\/pt\/wp-json\/wp\/v2\/posts\/481842","targetHints":{"allow":["GET"]}}],"collection":[{"href":"https:\/\/www.europesays.com\/pt\/wp-json\/wp\/v2\/posts"}],"about":[{"href":"https:\/\/www.europesays.com\/pt\/wp-json\/wp\/v2\/types\/post"}],"author":[{"embeddable":true,"href":"https:\/\/www.europesays.com\/pt\/wp-json\/wp\/v2\/users\/2"}],"replies":[{"embeddable":true,"href":"https:\/\/www.europesays.com\/pt\/wp-json\/wp\/v2\/comments?post=481842"}],"version-history":[{"count":0,"href":"https:\/\/www.europesays.com\/pt\/wp-json\/wp\/v2\/posts\/481842\/revisions"}],"wp:featuredmedia":[{"embeddable":true,"href":"https:\/\/www.europesays.com\/pt\/wp-json\/wp\/v2\/media\/481843"}],"wp:attachment":[{"href":"https:\/\/www.europesays.com\/pt\/wp-json\/wp\/v2\/media?parent=481842"}],"wp:term":[{"taxonomy":"category","embeddable":true,"href":"https:\/\/www.europesays.com\/pt\/wp-json\/wp\/v2\/categories?post=481842"},{"taxonomy":"post_tag","embeddable":true,"href":"https:\/\/www.europesays.com\/pt\/wp-json\/wp\/v2\/tags?post=481842"}],"curies":[{"name":"wp","href":"https:\/\/api.w.org\/{rel}","templated":true}]}}