{"id":482284,"date":"2026-08-11T04:54:36","date_gmt":"2026-08-11T04:54:36","guid":{"rendered":"https:\/\/www.europesays.com\/pt\/482284\/"},"modified":"2026-08-11T04:54:36","modified_gmt":"2026-08-11T04:54:36","slug":"brad-pitt-diz-que-pensou-em-suicidio-por-problemas-de-familia","status":"publish","type":"post","link":"https:\/\/www.europesays.com\/pt\/482284\/","title":{"rendered":"Brad Pitt diz que pensou em suic\u00eddio por problemas de fam\u00edlia"},"content":{"rendered":"<p>Brad Pitt comentou sobre momentos intensos pelos quais passou em meio a problemas com sua fam\u00edlia. O ator afirmou ter tido pensamentos suicidas, relacionados a quest\u00f5es que envolviam seu n\u00facleo.<\/p>\n<p>Em uma entrevista para a revista Esquire, o astro comentou que nunca havia passado por momentos suicidas. Na realidade, ele se descreveu como um grande otimista.<\/p>\n<p>&#8220;O que j\u00e1 me ajudou muitas vezes, mas tamb\u00e9m j\u00e1 me levou a situa\u00e7\u00f5es em que, por otimismo, eu me joguei de cabe\u00e7a num caminh\u00e3o&#8221;, refletiu. &#8220;Ou, como meu amigo sempre engra\u00e7ado, [o diretor] David Fincher, diria: &#8220;\u00c9, voc\u00ea v\u00ea o copo meio cheio, mas ele est\u00e1 meio cheio de urina&#8221;.&#8221;<\/p>\n<p>&#8220;Enfim, nunca tive pensamentos suicidas, exceto por um breve per\u00edodo&#8221;, continuou. &#8220;E nesse breve per\u00edodo, eu <strong><a href=\"https:\/\/www.correiodopovo.com.br\/not\u00edcias\/sa\u00fade\/sessao-de-terapia-no-chatgpt-oferece-riscos-e-preocupa-especialistas-1.1609783\" rel=\"noopener noreferrer nofollow\" target=\"_blank\">simplesmente n\u00e3o conseguia ver uma sa\u00edda<\/a><\/strong>. A dor era t\u00e3o opressiva que eu n\u00e3o ia fazer nada a respeito, mas eu sentia o a\u00e7o frio da bala na minha cabe\u00e7a, e era como um al\u00edvio.&#8221;<\/p>\n<p>&#8220;E eu pensei: &#8220;Ah, ok, agora eu entendo &#8221; &#8211; eu entendo o suic\u00eddio, no sentido de que \u00e9 apenas um al\u00edvio. \u00c9 apenas uma busca por al\u00edvio da dor. Mas tamb\u00e9m acho que temos instintos de sobreviv\u00eancia incr\u00edveis&#8221;, disse.<\/p>\n<p>Em seguida, concluiu: &#8220;\u00c9. Tipo, escuta: essa merda n\u00e3o \u00e9 f\u00e1cil. E voc\u00ea est\u00e1 falando com um cara que ganhou na loteria&#8221;.<\/p>\n<p>Sobre o que teria feito Pitt passar por esse momento, o ator afirmou: &#8220;Assuntos de fam\u00edlia. Podemos deixar por isso mesmo&#8221;.<\/p>\n<p>Problemas familiares, sobrenomes e processos <\/p>\n<p>As quest\u00f5es familiares que envolvem Brad Pitt e seus filhos com <strong><a href=\"https:\/\/www.correiodopovo.com.br\/arteagenda\/angelina-jolie-diz-que-nao-esteve-com-ninguem-desde-separacao-de-brad-pitt-1.1726713\" rel=\"noopener noreferrer nofollow\" target=\"_blank\">Angelina Jolie<\/a><\/strong> se tornaram p\u00fablicas nos \u00faltimos anos.<\/p>\n<p>Separados desde 2016, Pitt e Jolie estiveram juntos por 10 anos e, segundo a People, o ator hoje n\u00e3o tem &#8220;praticamente nenhum contato&#8221; com os filhos.<\/p>\n<p>Recentemente, inclusive, filhos do casal chegaram a remover o sobrenome de Pitt.<\/p>\n<p>A <strong><a href=\"https:\/\/www.correiodopovo.com.br\/arteagenda\/brad-pitt-fala-pela-primeira-vez-sobre-divorcio-de-angelina-jolie-1.1613472\" rel=\"noopener noreferrer nofollow\" target=\"_blank\">separa\u00e7\u00e3o<\/a><\/strong> tamb\u00e9m desencadeou uma longa batalha judicial, marcada por diferentes disputas entre os dois. Entre os epis\u00f3dios est\u00e3o as acusa\u00e7\u00f5es de viol\u00eancia dom\u00e9stica feitas contra o ator, a briga pela venda de uma vin\u00edcola e, mais recentemente, o pedido de Pitt para ter acesso a mensagens privadas da ex-mulher.<\/p>\n<p>Os atores s\u00e3o pais de Maddox, Pax, Zahara, Shiloh e os g\u00eameos Vivienne e Knox.<\/p>\n<p>Onde buscar ajuda <\/p>\n<p>Se voc\u00ea est\u00e1 passando por sofrimento ps\u00edquico ou conhece algu\u00e9m nessa situa\u00e7\u00e3o, veja abaixo onde encontrar ajuda:<\/p>\n<p><strong>Centro de Valoriza\u00e7\u00e3o da Vida (CVV)<\/strong><\/p>\n<p>Se estiver precisando de ajuda imediata, entre em contato com o Centro de Valoriza\u00e7\u00e3o da Vida (CVV), servi\u00e7o gratuito de apoio emocional que disponibiliza atendimento 24 horas por dia. O contato pode ser feito por e-mail, pelo chat no site ou pelo telefone 188.<\/p>\n<p><strong>Canal Pode Falar<\/strong><\/p>\n<p>Iniciativa criada pelo Unicef para oferecer escuta para adolescentes e jovens de 13 a 24 anos. O contato pode ser feito pelo <strong><a href=\"https:\/\/api.whatsapp.com\/send\/?phone=556196608843&amp;text&amp;app_absent=0\" rel=\"noopener noreferrer nofollow\" target=\"_blank\">WhatsApp<\/a><\/strong>, de segunda a sexta-feira, das 8h \u00e0s 22h.<\/p>\n<p><strong>SUS<\/strong><\/p>\n<p>Os Centros de Aten\u00e7\u00e3o Psicossocial (Caps) s\u00e3o unidades do Sistema \u00danico de Sa\u00fade (SUS) voltadas para o atendimento de pacientes com transtornos mentais. H\u00e1 unidades espec\u00edficas para crian\u00e7as e adolescentes. <\/p>\n<p><strong>Mapa da Sa\u00fade Mental<\/strong><\/p>\n<p>O <strong><a href=\"https:\/\/mapasaudemental.com.br\/\" rel=\"noopener noreferrer nofollow\" target=\"_blank\">site<\/a><\/strong> traz mapas com unidades de sa\u00fade e iniciativas gratuitas de atendimento psicol\u00f3gico presencial e online. Disponibiliza ainda materiais de orienta\u00e7\u00e3o sobre transtornos mentais.<\/p>\n","protected":false},"excerpt":{"rendered":"Brad Pitt comentou sobre momentos intensos pelos quais passou em meio a problemas com sua fam\u00edlia. O ator&hellip;\n","protected":false},"author":2,"featured_media":482285,"comment_status":"","ping_status":"","sticky":false,"template":"","format":"standard","meta":{"footnotes":"","_share_on_mastodon":"0"},"categories":[145],"tags":[20808,55314,8151,211,210,114,115,1133,32,33,1030],"class_list":["post-482284","post","type-post","status-publish","format-standard","has-post-thumbnail","category-celebridades","tag-angelina-jolie","tag-arteagenda","tag-brad-pitt","tag-celebridades","tag-celebrities","tag-entertainment","tag-entretenimento","tag-noticia","tag-portugal","tag-pt","tag-saude-mental"],"share_on_mastodon":{"url":"https:\/\/pubeurope.com\/@pt\/117075093920543746","error":""},"_links":{"self":[{"href":"https:\/\/www.europesays.com\/pt\/wp-json\/wp\/v2\/posts\/482284","targetHints":{"allow":["GET"]}}],"collection":[{"href":"https:\/\/www.europesays.com\/pt\/wp-json\/wp\/v2\/posts"}],"about":[{"href":"https:\/\/www.europesays.com\/pt\/wp-json\/wp\/v2\/types\/post"}],"author":[{"embeddable":true,"href":"https:\/\/www.europesays.com\/pt\/wp-json\/wp\/v2\/users\/2"}],"replies":[{"embeddable":true,"href":"https:\/\/www.europesays.com\/pt\/wp-json\/wp\/v2\/comments?post=482284"}],"version-history":[{"count":0,"href":"https:\/\/www.europesays.com\/pt\/wp-json\/wp\/v2\/posts\/482284\/revisions"}],"wp:featuredmedia":[{"embeddable":true,"href":"https:\/\/www.europesays.com\/pt\/wp-json\/wp\/v2\/media\/482285"}],"wp:attachment":[{"href":"https:\/\/www.europesays.com\/pt\/wp-json\/wp\/v2\/media?parent=482284"}],"wp:term":[{"taxonomy":"category","embeddable":true,"href":"https:\/\/www.europesays.com\/pt\/wp-json\/wp\/v2\/categories?post=482284"},{"taxonomy":"post_tag","embeddable":true,"href":"https:\/\/www.europesays.com\/pt\/wp-json\/wp\/v2\/tags?post=482284"}],"curies":[{"name":"wp","href":"https:\/\/api.w.org\/{rel}","templated":true}]}}