{"id":482686,"date":"2026-08-11T12:39:16","date_gmt":"2026-08-11T12:39:16","guid":{"rendered":"https:\/\/www.europesays.com\/pt\/482686\/"},"modified":"2026-08-11T12:39:16","modified_gmt":"2026-08-11T12:39:16","slug":"uniao-europeia-leva-anthropic-a-marcar-globalmente-o-conteudo-gerado-pelo-claude","status":"publish","type":"post","link":"https:\/\/www.europesays.com\/pt\/482686\/","title":{"rendered":"Uni\u00e3o Europeia leva Anthropic a marcar globalmente o conte\u00fado gerado pelo Claude"},"content":{"rendered":"<p>Anthropic vai come\u00e7ar a incorporar marcas de \u00e1gua invis\u00edveis no texto gerado pelo seu modelo de linguagem de grande escala e chatbot Claude, numa medida pensada para cumprir as novas regras da Uni\u00e3o Europeia sobre transpar\u00eancia na IA.<\/p>\n<p>          <img decoding=\"async\" class=\"c-ad__placeholder__logo\" src=\"https:\/\/static.euronews.com\/website\/images\/logos\/logo-euronews-stacked-outlined-72x72-grey-9.svg\" width=\"72\" height=\"72\" alt=\"\" loading=\"lazy\"\/><br \/>\n          PUBLICIDADE<\/p>\n<p>          <img decoding=\"async\" class=\"c-ad__placeholder__logo\" src=\"https:\/\/static.euronews.com\/website\/images\/logos\/logo-euronews-stacked-outlined-72x72-grey-9.svg\" width=\"72\" height=\"72\" alt=\"\" loading=\"lazy\"\/><br \/>\n          PUBLICIDADE<\/p>\n<p>\u201cOs modelos Claude lan\u00e7ados a 2 de agosto de 2026 ou depois dessa data passam a suportar marca\u00e7\u00e3o desde o momento do lan\u00e7amento. Estamos tamb\u00e9m a trabalhar para acrescentar suporte de marca\u00e7\u00e3o aos modelos Claude lan\u00e7ados antes dessa data\u201d, afirmou a gigante da IA sediada em S\u00e3o Francisco em comunicado.<\/p>\n<p>A nova pol\u00edtica de marca\u00e7\u00e3o abrange todos os servi\u00e7os oferecidos pelo Claude, incluindo a aplica\u00e7\u00e3o para consumidores, a Plataforma Claude (API) dirigida a programadores, o Claude Code, o Claude Cowork e o Claude Tag, bem como as vers\u00f5es do Claude acess\u00edveis atrav\u00e9s da AWS, da Google Cloud e da Microsoft Foundry.<\/p>\n<p>A marca de \u00e1gua ser\u00e1 inserida como \u201cuma marca de \u00e1gua impercet\u00edvel diretamente no pr\u00f3prio texto\u201d ou sob a forma de metadados, de modo que, quando \u201co Claude gerar um tipo de ficheiro suportado, como .svg, .png ou .jpg, ir\u00e1 anexar metadados de proveni\u00eancia assinados\u2026 [que] indicam que um ficheiro foi processado pelo Claude e permitem detetar se esse ficheiro foi adulterado\u201d.<\/p>\n<p>A Anthropic adiantou que a marca de \u00e1gua se aplica a todas as regi\u00f5es onde o Claude \u00e9 disponibilizado, e n\u00e3o apenas \u00e0 UE.<\/p>\n<p>A marca\u00e7\u00e3o n\u00e3o ficar\u00e1 limitada \u00e0 Europa. A Anthropic afirmou que a marca de \u00e1gua ser\u00e1 aplicada em todos os mercados onde o Claude \u00e9 oferecido a n\u00edvel mundial, mais um exemplo de como o n\u00edvel de exig\u00eancia da UE tem efeitos em cadeia sobre as normas globais que est\u00e3o a ser definidas para a IA.<\/p>\n<p>Como funciona a marca de \u00e1gua<\/p>\n<p>A Anthropic recorre a duas t\u00e9cnicas distintas. A primeira passa por inserir um padr\u00e3o impercet\u00edvel diretamente no texto gerado, invis\u00edvel para os leitores mas detet\u00e1vel por m\u00e1quinas e capaz de acompanhar o texto mesmo depois de copiado e colado noutro local.<\/p>\n<p>Segundo a empresa, isso n\u00e3o altera o significado, a qualidade nem a legibilidade da resposta do Claude.<\/p>\n<p>A segunda t\u00e9cnica aplica-se a ficheiros. Funciona mais como um rasto digital, semelhante aos dados EXIF de uma fotografia, e foi concebida para ser verific\u00e1vel, n\u00e3o oculta.<\/p>\n<p>Na pr\u00e1tica, para a visualizar ser\u00e1 provavelmente necess\u00e1ria uma ferramenta compat\u00edvel com C2PA ou o sistema de dete\u00e7\u00e3o que a Anthropic planeia lan\u00e7ar, em vez de um menu de \u201cpropriedades\u201d habitual, e n\u00e3o identificar\u00e1 necessariamente o Claude pelo nome, limitando-se a assinalar que o ficheiro passou por um sistema de IA.<\/p>\n<p>A empresa tamb\u00e9m deixou claro que esses metadados podem perder-se.<\/p>\n<p>A Anthropic explicou que a marca\u00e7\u00e3o de um ficheiro pode ser removida atrav\u00e9s de convers\u00f5es de formato, novas grava\u00e7\u00f5es, capturas de ecr\u00e3 ou processos semelhantes, o que significa que um documento ou imagem que em tempos teve uma marca do Claude pode deixar de apresentar qualquer rasto dessa marca depois de ser editado ou convertido.<\/p>\n<p>Porqu\u00ea agora<\/p>\n<p>O calend\u00e1rio est\u00e1 diretamente ligado \u00e0 Lei da IA da UE.<\/p>\n<p>A lei exige que os sistemas de IA que criam conte\u00fados sint\u00e9ticos, como deepfakes, assinalem as suas sa\u00eddas como geradas artificialmente, nos termos do artigo 50.\u00ba.<\/p>\n<p>Os reguladores esperam que os operadores adotem uma estrat\u00e9gia de marca\u00e7\u00e3o em v\u00e1rias camadas, combinando metadados assinados digitalmente, marcas de \u00e1gua impercet\u00edveis e, nalguns casos, t\u00e9cnicas de impress\u00e3o digital ou registo como solu\u00e7\u00e3o de recurso, uma vez que o C\u00f3digo de Conduta deixa claro que nenhuma t\u00e9cnica de marca\u00e7\u00e3o \u00e9 suficiente por si s\u00f3.<\/p>\n<p>As obriga\u00e7\u00f5es de transpar\u00eancia previstas no artigo 50.\u00ba entraram em vigor a 2 de agosto de 2026. O incumprimento pode resultar em coimas at\u00e9 15 milh\u00f5es de euros ou 3% do volume de neg\u00f3cios anual global, consoante o valor mais elevado.<\/p>\n<p>Ainda \u00e9 poss\u00edvel esconder rastos<\/p>\n<p>A Anthropic tem sido clara ao afirmar que uma marca de \u00e1gua detetada \u00e9 um sinal, n\u00e3o uma prova.<\/p>\n<p>Uma marca que surge num texto confirma apenas que esse conte\u00fado pode ter passado pelo Claude em algum momento, n\u00e3o a hist\u00f3ria completa de como foi criado.<\/p>\n<p>Muitas pessoas usam o assistente para rever, traduzir ou resumir materiais que t\u00eam outra origem, pelo que uma marca de \u00e1gua pode surgir em textos que o Claude n\u00e3o escreveu originalmente.<\/p>\n<p>O inverso tamb\u00e9m \u00e9 verdadeiro: edi\u00e7\u00f5es profundas, tradu\u00e7\u00f5es, passagens muito curtas ou a utiliza\u00e7\u00e3o de um modelo mais antigo sem suporte de marca\u00e7\u00e3o podem fazer com que conte\u00fados genu\u00ednos gerados pelo Claude n\u00e3o sejam detetados.<\/p>\n<p>A Anthropic n\u00e3o est\u00e1 sozinha. A Google DeepMind j\u00e1 desenvolveu o SynthID para marcar texto, imagens e \u00e1udio gerados por IA, enquanto a OpenAI tem debatido diferentes abordagens de marca\u00e7\u00e3o, mas avan\u00e7ou mais lentamente na sua aplica\u00e7\u00e3o generalizada.<\/p>\n","protected":false},"excerpt":{"rendered":"Anthropic vai come\u00e7ar a incorporar marcas de \u00e1gua invis\u00edveis no texto gerado pelo seu modelo de linguagem de&hellip;\n","protected":false},"author":2,"featured_media":482687,"comment_status":"","ping_status":"","sticky":false,"template":"","format":"standard","meta":{"footnotes":"","_share_on_mastodon":"0"},"categories":[84],"tags":[642,109,107,108,933,32,33,105,103,104,106,110],"class_list":["post-482686","post","type-post","status-publish","format-standard","has-post-thumbnail","category-ciencia-e-tecnologia","tag-chatgpt","tag-ciencia","tag-ciencia-e-tecnologia","tag-cienciaetecnologia","tag-inteligencia-artificial","tag-portugal","tag-pt","tag-science","tag-science-and-technology","tag-scienceandtechnology","tag-technology","tag-tecnologia"],"share_on_mastodon":{"url":"https:\/\/pubeurope.com\/@pt\/117076923324199472","error":""},"_links":{"self":[{"href":"https:\/\/www.europesays.com\/pt\/wp-json\/wp\/v2\/posts\/482686","targetHints":{"allow":["GET"]}}],"collection":[{"href":"https:\/\/www.europesays.com\/pt\/wp-json\/wp\/v2\/posts"}],"about":[{"href":"https:\/\/www.europesays.com\/pt\/wp-json\/wp\/v2\/types\/post"}],"author":[{"embeddable":true,"href":"https:\/\/www.europesays.com\/pt\/wp-json\/wp\/v2\/users\/2"}],"replies":[{"embeddable":true,"href":"https:\/\/www.europesays.com\/pt\/wp-json\/wp\/v2\/comments?post=482686"}],"version-history":[{"count":0,"href":"https:\/\/www.europesays.com\/pt\/wp-json\/wp\/v2\/posts\/482686\/revisions"}],"wp:featuredmedia":[{"embeddable":true,"href":"https:\/\/www.europesays.com\/pt\/wp-json\/wp\/v2\/media\/482687"}],"wp:attachment":[{"href":"https:\/\/www.europesays.com\/pt\/wp-json\/wp\/v2\/media?parent=482686"}],"wp:term":[{"taxonomy":"category","embeddable":true,"href":"https:\/\/www.europesays.com\/pt\/wp-json\/wp\/v2\/categories?post=482686"},{"taxonomy":"post_tag","embeddable":true,"href":"https:\/\/www.europesays.com\/pt\/wp-json\/wp\/v2\/tags?post=482686"}],"curies":[{"name":"wp","href":"https:\/\/api.w.org\/{rel}","templated":true}]}}