{"id":48278,"date":"2025-08-28T06:27:12","date_gmt":"2025-08-28T06:27:12","guid":{"rendered":"https:\/\/www.europesays.com\/pt\/48278\/"},"modified":"2025-08-28T06:27:12","modified_gmt":"2025-08-28T06:27:12","slug":"saude-ambiental-e-do-trabalhador-seminario-em-montes-claros-reforca-a-capacitacao-profissional-e-a-troca-de-experiencias","status":"publish","type":"post","link":"https:\/\/www.europesays.com\/pt\/48278\/","title":{"rendered":"Sa\u00fade Ambiental E Do Trabalhador: Semin\u00e1rio Em Montes Claros Refor\u00e7a A Capacita\u00e7\u00e3o Profissional E A Troca De Experi\u00eancias\u00a0"},"content":{"rendered":"<p>A troca de informa\u00e7\u00f5es e experi\u00eancias de a\u00e7\u00f5es executadas pelas secretarias municipais de sa\u00fade com o Estado e o Governo Federal, por meio do Minist\u00e9rio da Sa\u00fade, \u00e9 de fundamental import\u00e2ncia para a atualiza\u00e7\u00e3o e refor\u00e7o da capacita\u00e7\u00e3o de profissionais para o fortalecimento da vigil\u00e2ncia em sa\u00fade do trabalhador e do meio ambiente.\u00a0<\/p>\n<p>Essas foram algumas das afirma\u00e7\u00f5es feitas na quarta-feira, 27\/8, por dirigentes e refer\u00eancias t\u00e9cnicas de institui\u00e7\u00f5es ligadas \u00e0 sa\u00fade, durante a abertura do Semin\u00e1rio Macrorregional de Vigil\u00e2ncia em Sa\u00fade Ambiental e Sa\u00fade do Trabalhador, que est\u00e1 sendo realizado em Montes Claros. A iniciativa da Secretaria de Estado de Sa\u00fade de Minas Gerais (SES-MG) re\u00fane, no audit\u00f3rio do Col\u00e9gio Tiradentes, profissionais de munic\u00edpios que integram a \u00e1rea de atua\u00e7\u00e3o da Superintend\u00eancia Regional de Sa\u00fade (SRS) de Montes Claros e das Ger\u00eancias Regionais de Sa\u00fade (GRS) de Janu\u00e1ria e Pirapora.<\/p>\n<p>\u201cA realiza\u00e7\u00e3o do Semin\u00e1rio \u00e9 uma importante a\u00e7\u00e3o de capacita\u00e7\u00e3o dos profissionais, para que sejam capazes de dar respostas \u00e0s diversas situa\u00e7\u00f5es de sa\u00fade que envolvam o meio ambiente e os trabalhadores\u201d, destacou Ion\u00e1 de Carvalho Lisboa, gerente regional de sa\u00fade de Janu\u00e1ria.<\/p>\n<p>O presidente regional do Conselho de Secretarias Municipais de Sa\u00fade de Minas Gerais (Cosems-MG), Marlon Cardoso Ramos, observou que \u201ca Vigil\u00e2ncia em Sa\u00fade do Trabalhador e do Meio Ambiente s\u00e3o duas \u00e1reas de fundamental import\u00e2ncia para os munic\u00edpios, no que se refere aos cuidados para com a sa\u00fade da popula\u00e7\u00e3o. Por esse motivo, a realiza\u00e7\u00e3o do Semin\u00e1rio constitui oportunidade para que os profissionais troquem experi\u00eancias sobre as a\u00e7\u00f5es que est\u00e3o sendo implementadas nos munic\u00edpios e, com isso, viabilizem avan\u00e7os e inova\u00e7\u00f5es nos servi\u00e7os vinculados ao Sistema \u00danico de Sa\u00fade (SUS)\u201d.<\/p>\n<p>O presidente do Conselho Municipal de Sa\u00fade de Montes Claros, Farley Sindeaux Ribeiro, lembrou que \u201co envolvimento de institui\u00e7\u00f5es representativas do controle social na defini\u00e7\u00e3o e implementa\u00e7\u00e3o de pol\u00edticas p\u00fablicas de sa\u00fade \u00e9 importante para tornar as a\u00e7\u00f5es mais eficientes e pr\u00f3ximas da realidade e necessidades da popula\u00e7\u00e3o\u201d.<\/p>\n<p>Representando a SES-MG na abertura do Semin\u00e1rio, Fillipe Ant\u00f4nio Andrade Chaves, diretor de Vigil\u00e2ncia Ambiental e Sa\u00fade do Trabalhador refor\u00e7ou a import\u00e2ncia da iniciativa que, neste ano, contempla o Norte de Minas e as microrregi\u00f5es de Sa\u00fade de Te\u00f3filo Otoni, Divin\u00f3polis e Uberl\u00e2ndia.\u00a0<\/p>\n<p>\u201cO Semin\u00e1rio viabiliza e fortalece o debate qualificado das diversas quest\u00f5es relacionadas \u00e0 sa\u00fade ambiental e do trabalhador, levando em conta as trocas de experi\u00eancias e o compartilhamento das dificuldades, peculiaridades e potencialidades regionais\u201d, pontuou Fillipe Chaves.<\/p>\n<p>Gabriela Porto Marques, consultora t\u00e9cnica do Minist\u00e9rio da Sa\u00fade destacou que \u201cos semin\u00e1rios macrorregionais viabilizam a integra\u00e7\u00e3o das a\u00e7\u00f5es do Estado e do Governo Federal, possibilitando que os profissionais atuantes nos munic\u00edpios se tornem multiplicadores das pol\u00edticas p\u00fablicas aliado ao fato de que, neste ano, com a realiza\u00e7\u00e3o da 5\u00aa Confer\u00eancia Nacional de Sa\u00fade do Trabalhador foram abertas novas perspectivas para a reformula\u00e7\u00e3o das pol\u00edticas p\u00fablicas ligadas a este segmento, levando em conta as novas rela\u00e7\u00f5es de trabalho\u201d.\u00a0<\/p>\n<p><strong>Programa\u00e7\u00e3o<\/strong><\/p>\n<p>Nesta quarta-feira, entre outros temas o Semin\u00e1rio abordou quest\u00f5es relacionadas \u00e0 interse\u00e7\u00e3o entre sa\u00fade ambiental e sa\u00fade do trabalhador em Minas Gerais;\u00a0 o Panorama da Vigil\u00e2ncia Ambiental e da Vigil\u00e2ncia em Sa\u00fade do Trabalhador no \u00c2mbito da Macrorregi\u00e3o de Sa\u00fade Norte; a vigil\u00e2ncia do c\u00e2ncer relacionado ao trabalho; as mudan\u00e7as clim\u00e1ticas: o agravamento dos eventos por seca e estiagem e seus impactos na sa\u00fade p\u00fablica; e a atua\u00e7\u00e3o da Aten\u00e7\u00e3o Prim\u00e1ria \u00e0 Sa\u00fade nos eventos relacionados ao per\u00edodo de seca e estiagem.\u00a0<\/p>\n<p>O primeiro dia do Semin\u00e1rio foi encerrado com apresenta\u00e7\u00e3o de tr\u00eas experi\u00eancias exitosas implementadas no Norte de Minas, referentes \u00e0 vigil\u00e2ncia em sa\u00fade do trabalhador: \u201cIntegra\u00e7\u00e3o entre servi\u00e7os de sa\u00fade para detec\u00e7\u00e3o de c\u00e2ncer de pele\u201d; \u201cUso do padlet como ferramenta facilitadora na vigil\u00e2ncia em sa\u00fade do trabalhador\u201d; e \u201cEduca\u00e7\u00e3o em Sa\u00fade e promo\u00e7\u00e3o da qualidade de vida no trabalho dos agentes de combate \u00e0s endemias: uma experi\u00eancia interinstitucional no Norte de Minas\u201d.<\/p>\n<p><strong>Oficinas<\/strong><\/p>\n<p>Quinta-feira, 28\/8, a partir das 8h30, o Semin\u00e1rio prosseguir\u00e1 com a realiza\u00e7\u00e3o de palestras e oficinas sobre vigil\u00e2ncia em sa\u00fade ambiental e do trabalhador, abordando aspectos relativos \u00e0s estrat\u00e9gias de respostas e investiga\u00e7\u00e3o epidemiol\u00f3gica das doen\u00e7as e agravos relacionados ao trabalho.\u00a0<\/p>\n<p>Durante a oficina de vigil\u00e2ncia em sa\u00fade ambiental, os participantes ter\u00e3o aula pr\u00e1tica de inspe\u00e7\u00e3o de carro pipa, utilizado para distribui\u00e7\u00e3o de \u00e1gua \u00e0 popula\u00e7\u00e3o em per\u00edodos de seca.<\/p>\n<p>A partir das 13h30 a Vigil\u00e2ncia em Sa\u00fade de Popula\u00e7\u00f5es Expostas a Agrot\u00f3xicos ser\u00e1 tema de mesa redonda com a participa\u00e7\u00e3o de Gabriela Porto Marques, consultora t\u00e9cnica do Minist\u00e9rio da Sa\u00fade; Anne Karoline Borges Silva e Fabr\u00edcio Thomaz de Oliveira Ker, consultores da SES-MG.\u00a0<\/p>\n<p>O Semin\u00e1rio ser\u00e1 encerrado, a partir das 15 horas, com apresenta\u00e7\u00f5es de mais tr\u00eas experi\u00eancias exitosas com foco na vigil\u00e2ncia em sa\u00fade ambiental: \u201cAten\u00e7\u00e3o integrada das vigil\u00e2ncias na investiga\u00e7\u00e3o de surtos de doen\u00e7as de transmiss\u00e3o h\u00eddrica e alimentar: estrat\u00e9gia eficaz de resposta\u201d; \u201cVisualizando o Risco: Georreferenciamento das \u00e1reas contaminadas em Montes Claros com apoio do Vigisolo e ferramentas interativas de dados\u201d; e a \u201cAtua\u00e7\u00e3o da vigil\u00e2ncia em sa\u00fade diante de contamina\u00e7\u00e3o biol\u00f3gica em quadras de beach tennis\u201d.\u00a0<\/p>\n<p>Por: Pedro Ricardo<\/p>\n<p>Foto Pedro Ricardo<\/p>\n","protected":false},"excerpt":{"rendered":"A troca de informa\u00e7\u00f5es e experi\u00eancias de a\u00e7\u00f5es executadas pelas secretarias municipais de sa\u00fade com o Estado e&hellip;\n","protected":false},"author":2,"featured_media":48279,"comment_status":"","ping_status":"","sticky":false,"template":"","format":"standard","meta":{"footnotes":""},"categories":[86],"tags":[116,32,33,117],"class_list":{"0":"post-48278","1":"post","2":"type-post","3":"status-publish","4":"format-standard","5":"has-post-thumbnail","7":"category-saude","8":"tag-health","9":"tag-portugal","10":"tag-pt","11":"tag-saude"},"share_on_mastodon":{"url":"","error":""},"_links":{"self":[{"href":"https:\/\/www.europesays.com\/pt\/wp-json\/wp\/v2\/posts\/48278","targetHints":{"allow":["GET"]}}],"collection":[{"href":"https:\/\/www.europesays.com\/pt\/wp-json\/wp\/v2\/posts"}],"about":[{"href":"https:\/\/www.europesays.com\/pt\/wp-json\/wp\/v2\/types\/post"}],"author":[{"embeddable":true,"href":"https:\/\/www.europesays.com\/pt\/wp-json\/wp\/v2\/users\/2"}],"replies":[{"embeddable":true,"href":"https:\/\/www.europesays.com\/pt\/wp-json\/wp\/v2\/comments?post=48278"}],"version-history":[{"count":0,"href":"https:\/\/www.europesays.com\/pt\/wp-json\/wp\/v2\/posts\/48278\/revisions"}],"wp:featuredmedia":[{"embeddable":true,"href":"https:\/\/www.europesays.com\/pt\/wp-json\/wp\/v2\/media\/48279"}],"wp:attachment":[{"href":"https:\/\/www.europesays.com\/pt\/wp-json\/wp\/v2\/media?parent=48278"}],"wp:term":[{"taxonomy":"category","embeddable":true,"href":"https:\/\/www.europesays.com\/pt\/wp-json\/wp\/v2\/categories?post=48278"},{"taxonomy":"post_tag","embeddable":true,"href":"https:\/\/www.europesays.com\/pt\/wp-json\/wp\/v2\/tags?post=48278"}],"curies":[{"name":"wp","href":"https:\/\/api.w.org\/{rel}","templated":true}]}}