{"id":483020,"date":"2026-08-11T17:28:26","date_gmt":"2026-08-11T17:28:26","guid":{"rendered":"https:\/\/www.europesays.com\/pt\/483020\/"},"modified":"2026-08-11T17:28:26","modified_gmt":"2026-08-11T17:28:26","slug":"meo-estima-poupar-45-milhoes-por-ano-com-saida-de-mais-de-mil-trabalhadores-eco","status":"publish","type":"post","link":"https:\/\/www.europesays.com\/pt\/483020\/","title":{"rendered":"Meo estima poupar 45 milh\u00f5es por ano com sa\u00edda de mais de mil trabalhadores &#8211; ECO"},"content":{"rendered":"<ol>\n<li><a href=\"https:\/\/news.google.com\/rss\/articles\/CBMiqwFBVV95cUxNSEUtdzIwQWxIei1samZCTnhYcnViQWpWaHhRNmc1eUZYYnFnbGoxZGlldTZUbGNpUHhFa2czZXliVEtiaktRMnFlNkxFVE9icEpNTEpGUmZndTZwTFFnZTk5dmtGS1pGY3l4YWtTOGhJZlVCaEsyTkk2aTlNdmpHd1cxLVRQZU1jYzdhMTVsMGEzOFE5a0ozZkIwZDUtZW5xTTlzbXJESHFkN1k?oc=5\" target=\"_blank\" rel=\"nofollow noopener\">Meo estima poupar 45 milh\u00f5es por ano com sa\u00edda de mais de mil trabalhadores<\/a>&nbsp;&nbsp;ECO<\/li>\n<li><a href=\"https:\/\/news.google.com\/rss\/articles\/CBMiyAFBVV95cUxQU2hUd3ZCUzg4cnAxbFdicVItSDNINmlCRkJ4SmFCR3U4amVpZkx3Z1VwQXU4cWgyN3EyeWhXRzNROGR0a21aTFZqNTdtQlBYSk1XVHY0MVRteEJ0b0l5bjVPajFFWGNmd0hza21WeUcwTmhERmxSS2I3ZC1sMXpUSnhjYl84a1hJVEVvOG5IUEl0bVlPMEtPM1A2bHhJbUV2T1U4R0VzS3Y1ZFF6X0pYOFZybUtMcnp0UnppWks5eFUzYzBIU21YdQ?oc=5\" target=\"_blank\" rel=\"nofollow noopener\">Ana Figueiredo \u00e9 a 33.\u00aa Mais Poderosa de 2026<\/a>&nbsp;&nbsp;Jornal de Neg\u00f3cios<\/li>\n<li><a href=\"https:\/\/news.google.com\/rss\/articles\/CBMijwFBVV95cUxPeG82dVRnM1FsckRrRG9heG0tVWdoVWRvcURBU29Wd0x5MUczNGdUNjVLRy1kVkR4UmZfSVJLbXdPbEFqZlFGTFBBWUNYRnppQTlDbXJZb1RmWUxKWmVHd1ZGUEtBM2dZMmtmWmtjOFNZTXNCVXl2Y29HeHRnTlE5a09GRnoyT1pXRFYyZ3g2NA?oc=5\" target=\"_blank\" rel=\"nofollow noopener\">MEO: SA\u00cdDAS REABREM POL\u00c9MICA SOBRE &#8216;EMPRESA EM REESTRUTURA\u00c7\u00c3O&#8217;<\/a>&nbsp;&nbsp;24Horas.pt<\/li>\n<li><a href=\"https:\/\/news.google.com\/rss\/articles\/CBMiowFBVV95cUxNSkEwQXBISV9jWFNvYlBUR2Q3eUFCLV9tVnJ3cUNUZXljUFFsOEl2WUxacXk0V2l2eWRWZzk5cldyY0lSN2Q4V3Z0T055QVVPUTA1NW5xUjM2azl5NDUtVGVmZVJ0NVJpQVRyTEFDcE9uTUpxdmU5bzJOOGNnSTdReno5Yy1YNWcyWHZYa3FsYkpWbUlGaFdzbmFrOEZOZmFweW5n?oc=5\" target=\"_blank\" rel=\"nofollow noopener\">Meo pediu 500 sa\u00eddas com subs\u00eddio de desemprego. Governo autorizou 300<\/a>&nbsp;&nbsp;ECO<\/li>\n<li><a href=\"https:\/\/news.google.com\/rss\/articles\/CBMiqgFBVV95cUxQVXE2QmwzU3RLVUdVeWVxejBBdGJNMTZINWNxaFpPVjh1bjRudWVGemNXYUI0SUR2bnRydTRJak5sbmVvaFptRllVTjY3alBMek84RGZ5bllMVlYzZndtWlF1bFAtUG9GdnBKNnp1M1BDSFZDa1h3Mlo5YlZRajdSQVZrVnNTbHBKUVNvUjlzZ1htdzJHeGNYZjExbU5pV2NJcVFHUnVvLU10UQ?oc=5\" target=\"_blank\" rel=\"nofollow noopener\">Meo est\u00e1 a cortar custos, mas o verdadeiro teste vem depois<\/a>&nbsp;&nbsp;SAPO<\/li>\n<\/ol>\n","protected":false},"excerpt":{"rendered":"Meo estima poupar 45 milh\u00f5es por ano com sa\u00edda de mais de mil trabalhadores&nbsp;&nbsp;ECO Ana Figueiredo \u00e9 a&hellip;\n","protected":false},"author":2,"featured_media":483021,"comment_status":"","ping_status":"","sticky":false,"template":"","format":"standard","meta":{"footnotes":"","_share_on_mastodon":"0"},"categories":[83],"tags":[88,89,90,32,33,110,8649,849],"class_list":["post-483020","post","type-post","status-publish","format-standard","has-post-thumbnail","category-empresas","tag-business","tag-economy","tag-empresas","tag-portugal","tag-pt","tag-tecnologia","tag-telecomunicacoes","tag-trabalho"],"share_on_mastodon":{"url":"https:\/\/pubeurope.com\/@pt\/117078058929499266","error":""},"_links":{"self":[{"href":"https:\/\/www.europesays.com\/pt\/wp-json\/wp\/v2\/posts\/483020","targetHints":{"allow":["GET"]}}],"collection":[{"href":"https:\/\/www.europesays.com\/pt\/wp-json\/wp\/v2\/posts"}],"about":[{"href":"https:\/\/www.europesays.com\/pt\/wp-json\/wp\/v2\/types\/post"}],"author":[{"embeddable":true,"href":"https:\/\/www.europesays.com\/pt\/wp-json\/wp\/v2\/users\/2"}],"replies":[{"embeddable":true,"href":"https:\/\/www.europesays.com\/pt\/wp-json\/wp\/v2\/comments?post=483020"}],"version-history":[{"count":0,"href":"https:\/\/www.europesays.com\/pt\/wp-json\/wp\/v2\/posts\/483020\/revisions"}],"wp:featuredmedia":[{"embeddable":true,"href":"https:\/\/www.europesays.com\/pt\/wp-json\/wp\/v2\/media\/483021"}],"wp:attachment":[{"href":"https:\/\/www.europesays.com\/pt\/wp-json\/wp\/v2\/media?parent=483020"}],"wp:term":[{"taxonomy":"category","embeddable":true,"href":"https:\/\/www.europesays.com\/pt\/wp-json\/wp\/v2\/categories?post=483020"},{"taxonomy":"post_tag","embeddable":true,"href":"https:\/\/www.europesays.com\/pt\/wp-json\/wp\/v2\/tags?post=483020"}],"curies":[{"name":"wp","href":"https:\/\/api.w.org\/{rel}","templated":true}]}}