{"id":483216,"date":"2026-08-11T23:31:14","date_gmt":"2026-08-11T23:31:14","guid":{"rendered":"https:\/\/www.europesays.com\/pt\/483216\/"},"modified":"2026-08-11T23:31:14","modified_gmt":"2026-08-11T23:31:14","slug":"ex-juiz-destituido-por-orban-eleito-novo-presidente-da-hungria","status":"publish","type":"post","link":"https:\/\/www.europesays.com\/pt\/483216\/","title":{"rendered":"Ex-juiz destitu\u00eddo por Orb\u00e1n eleito novo presidente da Hungria"},"content":{"rendered":"<p>\n                <b>Andr\u00e1s Baka foi eleito novo chefe de Estado da Hungria com 140 votos a favor e seis contra.<\/b><\/p>\n<p>O advogado de 72 anos foi destitu\u00eddo do cargo de presidente do Supremo Tribunal em 2011 pelo ent\u00e3o primeiro-ministro, Viktor Orb\u00e1n.<b> Apesar de a fun\u00e7\u00e3o de presidente ser maioritariamente cerimonial, a escolha tem um forte valor simb\u00f3lico e \u00e9 mais um exemplo da clara rutura do novo Governo de Peter Magyar com a era de Orb\u00e1n. <\/b>Magyar, que venceu as elei\u00e7\u00f5es parlamentares de abril com uma vit\u00f3ria esmagadora surpreendente que p\u00f4s fim aos 16 anos do Governo de Orb\u00e1n, prometeu desmantelar &#8220;tijolo a tijolo&#8221; o sistema institu\u00eddo pelo seu antecessor.<\/p>\n<p>No discurso de tomada de posse, Baka criticou o Governo anterior, afirmando que, durante a administra\u00e7\u00e3o de Orb\u00e1n, &#8220;um \u00fanico partido capturou o Estado&#8221; e os poderes n\u00e3o eram separados.<\/p>\n<p><b>No entanto, Baka declarou que n\u00e3o se pode \u201cconstruir a nova Hungria com base na vingan\u00e7a\u201d.<\/b><\/p>\n<p>\u201cEste pa\u00eds n\u00e3o pode construir um futuro comum enquanto os seus cidad\u00e3os se virem como inimigos. Portanto, a tarefa que temos pela frente exige justi\u00e7a e autocontrolo\u201d, declarou.<\/p>\n<p>Baka afirma que o pa\u00eds precisa de mais do que apenas um resultado eleitoral favor\u00e1vel para restaurar o Estado de Direito, uma vez que precisa de reconstruir \u201cuma cultura constitucional democr\u00e1tica e funcional\u201d na qual \u201ca limita\u00e7\u00e3o do poder [executivo] n\u00e3o seja um obst\u00e1culo\u201d e que permita cr\u00edticas saud\u00e1veis e compromissos sem que ningu\u00e9m os rotule como um ato de trai\u00e7\u00e3o ou um sinal de fraqueza.<br \/>&#13;<br \/>\nO homem que disse \u201cn\u00e3o\u201d a Orb\u00e1n<br \/>&#13;<br \/>\nAndr\u00e1s Baka foi juiz do Tribunal Europeu dos Direitos Humanos (TEDH) em Estrasburgo durante quase 17 anos (entre 1991 e 2008), onde se especializou em direitos humanos, direito constitucional e direitos das minorias.<br \/>&#13;<br \/>\n<b><br \/>&#13;<br \/>\nEm junho de 2009, Baka foi eleito presidente do Supremo Tribunal da Hungria e do Conselho Nacional de Justi\u00e7a, cargo que ocupou at\u00e9 dezembro de 2011.<\/b><\/p>\n<p>Foi removido da presid\u00eancia do Supremo Tribunal quando o segundo governo de Orb\u00e1n reformou o sistema judicial, extinguindo formalmente o \u201cSupremo Tribunal\u201d e criando a \u201cK\u00faria\u201d como nova institui\u00e7\u00e3o de topo, com um novo presidente.<\/p>\n<p><b>Baka contestou a decis\u00e3o e, em 2016, o TEDH deliberou que a Hungria violou o seu direito a um julgamento justo e \u00e0 liberdade de express\u00e3o, por o terem afastado em retalia\u00e7\u00e3o \u00e0s suas cr\u00edticas p\u00fablicas \u00e0s reformas judiciais.<\/b><\/p>\n<p>O advogado tornou-se uma voz ativa sobre o Estado de direito na Hungria e no Conselho da Europa, sendo visto como um s\u00edmbolo da independ\u00eancia judicial.<br \/>&#13;<br \/>\nBaka sucede a &#8220;fantoche&#8221; de Orb\u00e1n<br \/>&#13;<br \/>\nAndr\u00e1s Baka sucede, assim, a Tam\u00e1s Sulyok, que Magyar apelidava de \u201cfantoche\u201d de Orb\u00e1n.<\/p>\n<p><b>H\u00e1 um m\u00eas, o Parlamento h\u00fangaro <a href=\"https:\/\/www.rtp.pt\/noticias\/mundo\/parlamento-hungaro-aprova-lei-para-destituir-presidente-pro-orban_n1753140\" target=\"_blank\" rel=\"nofollow noopener\">aprovou uma emenda constitucional para destituir Sulyok<\/a>.<\/b> De acordo com essa emenda, o novo presidente servir\u00e1 at\u00e9 que uma nova constitui\u00e7\u00e3o entre em vigor, ou por um m\u00e1ximo de cinco anos.<br \/>&#13;<br \/>\n<b><br \/>&#13;<br \/>\nDe acordo com Peter Magyar, espera-se que o novo chefe de Estado cumpra apenas parte do seu mandato at\u00e9 \u00e0 conclus\u00e3o do processo de revis\u00e3o constitucional, que poder\u00e1 demorar at\u00e9 um ano e meio.<\/b><\/p>\n<p>Na altura, o Fidesz, partido de Orb\u00e1n, considerou a aprova\u00e7\u00e3o da emenda \u201cileg\u00edtima\u201d e v\u00e1rias ONG, nomeadamente a Human Rights Watch, tamb\u00e9m criticaram a destitui\u00e7\u00e3o de Sulyok, argumentando que fazia lembrar os m\u00e9todos usados por Orb\u00e1n para reformular as institui\u00e7\u00f5es do pa\u00eds.<\/p>\n<p>Baka tamb\u00e9m defendeu que este impeachment n\u00e3o deveria ter ocorrido &#8220;num pa\u00eds governado pelo Estado de Direito&#8221;, mas ressalvou que a Hungria se tornara &#8220;um Estado cativo sob o regime de Orb\u00e1n&#8221;.&#13;\n            <\/p>\n","protected":false},"excerpt":{"rendered":"Andr\u00e1s Baka foi eleito novo chefe de Estado da Hungria com 140 votos a favor e seis contra.&hellip;\n","protected":false},"author":2,"featured_media":483217,"comment_status":"","ping_status":"","sticky":false,"template":"","format":"standard","meta":{"footnotes":"","_share_on_mastodon":"0"},"categories":[50],"tags":[77339,27,28,15,16,14,1991,25,26,77340,21,22,62,12,13,19,20,68177,23,24,17,18,29,30,31,63,64,65],"class_list":["post-483216","post","type-post","status-publish","format-standard","has-post-thumbnail","category-mundo","tag-andras-baka","tag-breaking-news","tag-breakingnews","tag-featured-news","tag-featurednews","tag-headlines","tag-hungria","tag-latest-news","tag-latestnews","tag-magyar","tag-main-news","tag-mainnews","tag-mundo","tag-news","tag-noticias","tag-noticias-principais","tag-noticiasprincipais","tag-orban","tag-principais-noticias","tag-principaisnoticias","tag-top-stories","tag-topstories","tag-ultimas","tag-ultimas-noticias","tag-ultimasnoticias","tag-world","tag-world-news","tag-worldnews"],"share_on_mastodon":{"url":"https:\/\/pubeurope.com\/@pt\/117079486416696681","error":""},"_links":{"self":[{"href":"https:\/\/www.europesays.com\/pt\/wp-json\/wp\/v2\/posts\/483216","targetHints":{"allow":["GET"]}}],"collection":[{"href":"https:\/\/www.europesays.com\/pt\/wp-json\/wp\/v2\/posts"}],"about":[{"href":"https:\/\/www.europesays.com\/pt\/wp-json\/wp\/v2\/types\/post"}],"author":[{"embeddable":true,"href":"https:\/\/www.europesays.com\/pt\/wp-json\/wp\/v2\/users\/2"}],"replies":[{"embeddable":true,"href":"https:\/\/www.europesays.com\/pt\/wp-json\/wp\/v2\/comments?post=483216"}],"version-history":[{"count":0,"href":"https:\/\/www.europesays.com\/pt\/wp-json\/wp\/v2\/posts\/483216\/revisions"}],"wp:featuredmedia":[{"embeddable":true,"href":"https:\/\/www.europesays.com\/pt\/wp-json\/wp\/v2\/media\/483217"}],"wp:attachment":[{"href":"https:\/\/www.europesays.com\/pt\/wp-json\/wp\/v2\/media?parent=483216"}],"wp:term":[{"taxonomy":"category","embeddable":true,"href":"https:\/\/www.europesays.com\/pt\/wp-json\/wp\/v2\/categories?post=483216"},{"taxonomy":"post_tag","embeddable":true,"href":"https:\/\/www.europesays.com\/pt\/wp-json\/wp\/v2\/tags?post=483216"}],"curies":[{"name":"wp","href":"https:\/\/api.w.org\/{rel}","templated":true}]}}