{"id":483230,"date":"2026-08-11T23:45:11","date_gmt":"2026-08-11T23:45:11","guid":{"rendered":"https:\/\/www.europesays.com\/pt\/483230\/"},"modified":"2026-08-11T23:45:11","modified_gmt":"2026-08-11T23:45:11","slug":"memphis-depay-deixa-o-corinthians-clube-justifica-se-com-a-saude-financeira","status":"publish","type":"post","link":"https:\/\/www.europesays.com\/pt\/483230\/","title":{"rendered":"Memphis Depay deixa o Corinthians: clube justifica-se com a \u00absa\u00fade financeira\u00bb"},"content":{"rendered":"<p>O Corinthians anunciou o fim das negocia\u00e7\u00f5es com vista \u00e0 renova\u00e7\u00e3o de contrato com Memphis Depay.<\/p>\n<p>Em comunicado, o clube brasileiro informou que a decis\u00e3o de n\u00e3o prolongar o v\u00ednculo que tinha expirado a 31 de julho prende-se com a \u00absa\u00fade financeira da institui\u00e7\u00e3o\u00bb e a exig\u00eancia de um \u00abrigoroso equil\u00edbrio e responsabilidade dos recursos dispon\u00edveis.\u00bb<\/p>\n<p>Na mesma nota, o Corinthians reconhece que foi feito um esfor\u00e7o incans\u00e1vel por parte de todos os departamentos do clube para que fosse poss\u00edvel manter o avan\u00e7ado internacional pelos Pa\u00edses Baixos, mas que isso n\u00e3o foi poss\u00edvel: \u00abAp\u00f3s an\u00e1lise cuidadosa, prevaleceram motivos exclusivamente financeiros e o compromisso com a responsabilidade da gest\u00e3o do clube.\u00a0Diante das obriga\u00e7\u00f5es financeiras atuais e futuras do Corinthians, ficou claro que assumir um novo compromisso dessa magnitude n\u00e3o seria compat\u00edvel, neste momento, com o equil\u00edbrio financeiro que precisamos de preservar para garantir a sustentabilidade da institui\u00e7\u00e3o\u00bb, l\u00ea-se.<\/p>\n<p>Memphis Depay, de 32 anos, estava no clube de S\u00e3o Paulo desde setembro de 2024. Fez 20 golos em 79 jogos e ajudou a vencer um Campeonato Paulista, uma Ta\u00e7a do Brasil e uma Superta\u00e7a.<\/p>\n<p>O an\u00fancio da sa\u00edda de Memphis Depay surge um dia depois de o Corinthians <a href=\"https:\/\/maisfutebol.iol.pt\/corinthians\/brasil\/brasil-corinthians-resolve-parte-das-dividas-e-paga-os-salarios-de-julho\" rel=\"nofollow noopener\" target=\"_blank\"><strong>ter resolvido parte da d\u00edvida ao plantel<\/strong><\/a>. Liquidou os sal\u00e1rios de julho em atraso, mas continua a dever verbas referentes a direitos de imagem, f\u00e9rias e pr\u00e9mios, estando o clube impossibilitado de inscrever refor\u00e7os.<\/p>\n","protected":false},"excerpt":{"rendered":"O Corinthians anunciou o fim das negocia\u00e7\u00f5es com vista \u00e0 renova\u00e7\u00e3o de contrato com Memphis Depay. Em comunicado,&hellip;\n","protected":false},"author":2,"featured_media":483231,"comment_status":"","ping_status":"","sticky":false,"template":"","format":"standard","meta":{"footnotes":"","_share_on_mastodon":"0"},"categories":[87],"tags":[726,7184,135,82,46,15889,32,33,47,134,35],"class_list":["post-483230","post","type-post","status-publish","format-standard","has-post-thumbnail","category-desporto","tag-brasil","tag-corinthians","tag-desporto","tag-internacional","tag-maisfutebol","tag-memphis-depay","tag-portugal","tag-pt","tag-pura-paixao","tag-sports","tag-transferencias"],"share_on_mastodon":{"url":"https:\/\/pubeurope.com\/@pt\/117079541502207675","error":""},"_links":{"self":[{"href":"https:\/\/www.europesays.com\/pt\/wp-json\/wp\/v2\/posts\/483230","targetHints":{"allow":["GET"]}}],"collection":[{"href":"https:\/\/www.europesays.com\/pt\/wp-json\/wp\/v2\/posts"}],"about":[{"href":"https:\/\/www.europesays.com\/pt\/wp-json\/wp\/v2\/types\/post"}],"author":[{"embeddable":true,"href":"https:\/\/www.europesays.com\/pt\/wp-json\/wp\/v2\/users\/2"}],"replies":[{"embeddable":true,"href":"https:\/\/www.europesays.com\/pt\/wp-json\/wp\/v2\/comments?post=483230"}],"version-history":[{"count":0,"href":"https:\/\/www.europesays.com\/pt\/wp-json\/wp\/v2\/posts\/483230\/revisions"}],"wp:featuredmedia":[{"embeddable":true,"href":"https:\/\/www.europesays.com\/pt\/wp-json\/wp\/v2\/media\/483231"}],"wp:attachment":[{"href":"https:\/\/www.europesays.com\/pt\/wp-json\/wp\/v2\/media?parent=483230"}],"wp:term":[{"taxonomy":"category","embeddable":true,"href":"https:\/\/www.europesays.com\/pt\/wp-json\/wp\/v2\/categories?post=483230"},{"taxonomy":"post_tag","embeddable":true,"href":"https:\/\/www.europesays.com\/pt\/wp-json\/wp\/v2\/tags?post=483230"}],"curies":[{"name":"wp","href":"https:\/\/api.w.org\/{rel}","templated":true}]}}