{"id":483266,"date":"2026-08-12T00:11:15","date_gmt":"2026-08-12T00:11:15","guid":{"rendered":"https:\/\/www.europesays.com\/pt\/483266\/"},"modified":"2026-08-12T00:11:15","modified_gmt":"2026-08-12T00:11:15","slug":"o-mirante-jovem-ferido-na-adega-de-almeirim-esta-fora-de-perigo-apos-operacao-de-urgencia","status":"publish","type":"post","link":"https:\/\/www.europesays.com\/pt\/483266\/","title":{"rendered":"O MIRANTE | Jovem ferido na Adega de Almeirim est\u00e1 fora de perigo ap\u00f3s opera\u00e7\u00e3o de urg\u00eancia"},"content":{"rendered":"<p class=\"MsoNormal\">A Adega Cooperativa de Almeirim confirmou que o jovem colaborador que sofreu um acidente de trabalho grave na manh\u00e3 de segunda-feira, 10 de Agosto, se encontra est\u00e1vel e fora de perigo, depois de ter sido submetido a uma opera\u00e7\u00e3o no Hospital Distrital de Santar\u00e9m. O acidente ocorreu durante trabalhos da campanha da vindima, mobilizando de imediato os meios de socorro.<\/p>\n<p class=\"MsoNormal\">Num comunicado divulgado esta ter\u00e7a\u2011feira, a direc\u00e7\u00e3o da adega refere que o jovem foi assistido rapidamente e que a prioridade agora \u00e9 garantir que recupere com tranquilidade. A administra\u00e7\u00e3o afirma estar \u201cinteiramente dispon\u00edvel\u201d para apoiar o trabalhador e a fam\u00edlia em tudo o que for necess\u00e1rio, sublinhando que, em tempo de vindima, \u201ch\u00e1 algo que est\u00e1 acima de tudo: as pessoas\u201d.<\/p>\n<p class=\"MsoNormal\">O MIRANTE noticiou que o jovem, de 18 anos, estava pela primeira vez a trabalhar na adega no \u00e2mbito dos contratos sazonais da \u00e9poca de vindimas quando caiu dentro de um dep\u00f3sito com p\u00e1s rotativas, sofrendo ferimentos graves. A Autoridade para as Condi\u00e7\u00f5es de Trabalho est\u00e1 a investigar o acidente.<\/p>\n","protected":false},"excerpt":{"rendered":"A Adega Cooperativa de Almeirim confirmou que o jovem colaborador que sofreu um acidente de trabalho grave na&hellip;\n","protected":false},"author":2,"featured_media":483267,"comment_status":"","ping_status":"","sticky":false,"template":"","format":"standard","meta":{"footnotes":"","_share_on_mastodon":"0"},"categories":[10],"tags":[27,28,15,16,14,6569,6568,25,26,21,22,12,13,19,20,32,23,24,33,3551,5314,17,18,29,30,31],"class_list":["post-483266","post","type-post","status-publish","format-standard","has-post-thumbnail","category-portugal","tag-breaking-news","tag-breakingnews","tag-featured-news","tag-featurednews","tag-headlines","tag-jornal-regional","tag-jornalismo-de-proximidade","tag-latest-news","tag-latestnews","tag-main-news","tag-mainnews","tag-news","tag-noticias","tag-noticias-principais","tag-noticiasprincipais","tag-portugal","tag-principais-noticias","tag-principaisnoticias","tag-pt","tag-regiao","tag-ribatejo","tag-top-stories","tag-topstories","tag-ultimas","tag-ultimas-noticias","tag-ultimasnoticias"],"share_on_mastodon":{"url":"https:\/\/pubeurope.com\/@pt\/117079643686250659","error":""},"_links":{"self":[{"href":"https:\/\/www.europesays.com\/pt\/wp-json\/wp\/v2\/posts\/483266","targetHints":{"allow":["GET"]}}],"collection":[{"href":"https:\/\/www.europesays.com\/pt\/wp-json\/wp\/v2\/posts"}],"about":[{"href":"https:\/\/www.europesays.com\/pt\/wp-json\/wp\/v2\/types\/post"}],"author":[{"embeddable":true,"href":"https:\/\/www.europesays.com\/pt\/wp-json\/wp\/v2\/users\/2"}],"replies":[{"embeddable":true,"href":"https:\/\/www.europesays.com\/pt\/wp-json\/wp\/v2\/comments?post=483266"}],"version-history":[{"count":0,"href":"https:\/\/www.europesays.com\/pt\/wp-json\/wp\/v2\/posts\/483266\/revisions"}],"wp:featuredmedia":[{"embeddable":true,"href":"https:\/\/www.europesays.com\/pt\/wp-json\/wp\/v2\/media\/483267"}],"wp:attachment":[{"href":"https:\/\/www.europesays.com\/pt\/wp-json\/wp\/v2\/media?parent=483266"}],"wp:term":[{"taxonomy":"category","embeddable":true,"href":"https:\/\/www.europesays.com\/pt\/wp-json\/wp\/v2\/categories?post=483266"},{"taxonomy":"post_tag","embeddable":true,"href":"https:\/\/www.europesays.com\/pt\/wp-json\/wp\/v2\/tags?post=483266"}],"curies":[{"name":"wp","href":"https:\/\/api.w.org\/{rel}","templated":true}]}}