{"id":483274,"date":"2026-08-12T00:17:14","date_gmt":"2026-08-12T00:17:14","guid":{"rendered":"https:\/\/www.europesays.com\/pt\/483274\/"},"modified":"2026-08-12T00:17:14","modified_gmt":"2026-08-12T00:17:14","slug":"globo-contrata-julio-andrade-cabelinho-e-hermila-guedes-11-08-2026-outro-canal","status":"publish","type":"post","link":"https:\/\/www.europesays.com\/pt\/483274\/","title":{"rendered":"Globo contrata Julio Andrade, Cabelinho e Hermila Guedes &#8211; 11\/08\/2026 &#8211; Outro Canal"},"content":{"rendered":"<p>\n<strong class=\"c-signature__location\">Aracaju <\/strong>\n<\/p>\n<p>A <a href=\"https:\/\/www1.folha.uol.com.br\/folha-topicos\/globo\/\" rel=\"nofollow noopener\" target=\"_blank\">Globo<\/a> concluiu a escala\u00e7\u00e3o de elenco da <a href=\"https:\/\/www1.folha.uol.com.br\/folha-topicos\/novela\/\" rel=\"nofollow noopener\" target=\"_blank\">novela<\/a> &#8220;Para\u00edso Perdido&#8221;, pr\u00f3xima produ\u00e7\u00e3o do g\u00eanero que ser\u00e1 lan\u00e7ada em 2027 pelo <a href=\"https:\/\/www1.folha.uol.com.br\/folha-topicos\/globoplay\/\" rel=\"nofollow noopener\" target=\"_blank\">Globoplay<\/a>, servi\u00e7o de streaming da empresa. A trama \u00e9 assinada por George Moura e Sergio Goldenberg, os mesmos autores da premiada &#8220;Guerreiros do Sol&#8221; (2025).<\/p>\n<p>  <a href=\"https:\/\/f5.folha.uol.com.br\/colunistas\/outro-canal\/\" rel=\"nofollow noopener\" target=\"_blank\"><br \/>\n    <img decoding=\"async\" src=\"https:\/\/www.europesays.com\/pt\/wp-content\/uploads\/2026\/08\/1786493834_777_172599691166e09f6f54fe2_1725996911_1x1_xs.jpg\" alt=\"Foto de Outro Canal\" class=\"img-responsive c-lazyload\"\/><\/p>\n<p>  <\/a><\/p>\n<p class=\"author__description\">\n    Cobre diariamente os bastidores das novelas, do telejornalismo e da m\u00eddia esportiva. Tem como titular o jornalista Gabriel Vaquer\n  <\/p>\n","protected":false},"excerpt":{"rendered":"Aracaju A Globo concluiu a escala\u00e7\u00e3o de elenco da novela &#8220;Para\u00edso Perdido&#8221;, pr\u00f3xima produ\u00e7\u00e3o do g\u00eanero que ser\u00e1&hellip;\n","protected":false},"author":2,"featured_media":483275,"comment_status":"","ping_status":"","sticky":false,"template":"","format":"standard","meta":{"footnotes":"","_share_on_mastodon":"0"},"categories":[142],"tags":[4386,2325,219,21737,211,470,223,114,115,224,225,226,753,3179,221,220,222,31182,20497,18427,213,77344,2931,32,33,2566,218,17015,228,151,2930,227],"class_list":["post-483274","post","type-post","status-publish","format-standard","has-post-thumbnail","category-tv","tag-alanis-guillen","tag-alexandre-nero","tag-bichos","tag-bruno-mazzeo","tag-celebridades","tag-cinema","tag-colunistas","tag-entertainment","tag-entretenimento","tag-estranho","tag-eu-amo","tag-fofices","tag-globo","tag-globoplay","tag-horoscopo","tag-humanos","tag-humor","tag-juan-paiva","tag-juliano-floss","tag-julio-andrade","tag-msica","tag-mc-cabelinho","tag-novela","tag-portugal","tag-pt","tag-televiso","tag-televisao","tag-trap","tag-tudo","tag-tv","tag-vale-tudo-novela","tag-videos"],"share_on_mastodon":{"url":"https:\/\/pubeurope.com\/@pt\/117079672234081053","error":""},"_links":{"self":[{"href":"https:\/\/www.europesays.com\/pt\/wp-json\/wp\/v2\/posts\/483274","targetHints":{"allow":["GET"]}}],"collection":[{"href":"https:\/\/www.europesays.com\/pt\/wp-json\/wp\/v2\/posts"}],"about":[{"href":"https:\/\/www.europesays.com\/pt\/wp-json\/wp\/v2\/types\/post"}],"author":[{"embeddable":true,"href":"https:\/\/www.europesays.com\/pt\/wp-json\/wp\/v2\/users\/2"}],"replies":[{"embeddable":true,"href":"https:\/\/www.europesays.com\/pt\/wp-json\/wp\/v2\/comments?post=483274"}],"version-history":[{"count":0,"href":"https:\/\/www.europesays.com\/pt\/wp-json\/wp\/v2\/posts\/483274\/revisions"}],"wp:featuredmedia":[{"embeddable":true,"href":"https:\/\/www.europesays.com\/pt\/wp-json\/wp\/v2\/media\/483275"}],"wp:attachment":[{"href":"https:\/\/www.europesays.com\/pt\/wp-json\/wp\/v2\/media?parent=483274"}],"wp:term":[{"taxonomy":"category","embeddable":true,"href":"https:\/\/www.europesays.com\/pt\/wp-json\/wp\/v2\/categories?post=483274"},{"taxonomy":"post_tag","embeddable":true,"href":"https:\/\/www.europesays.com\/pt\/wp-json\/wp\/v2\/tags?post=483274"}],"curies":[{"name":"wp","href":"https:\/\/api.w.org\/{rel}","templated":true}]}}