{"id":483282,"date":"2026-08-12T00:27:26","date_gmt":"2026-08-12T00:27:26","guid":{"rendered":"https:\/\/www.europesays.com\/pt\/483282\/"},"modified":"2026-08-12T00:27:26","modified_gmt":"2026-08-12T00:27:26","slug":"exclusivo-fernanda-serrano-apaixonada-amigo-e-agente","status":"publish","type":"post","link":"https:\/\/www.europesays.com\/pt\/483282\/","title":{"rendered":"EXCLUSIVO! Fernanda Serrano apaixonada? &#8220;Amigo e agente&#8230;&#8221;"},"content":{"rendered":"<p>Ser\u00e1 que a fila andou para a bela atriz, de 52 anos, ou tudo n\u00e3o passa de uma \u201cilus\u00e3o de \u00f3tica\u201d?!<\/p>\n<p>Faz parte do Ver\u00e3o. Novos amores, calor, praia, jantares tardios, sorrisos e fotografias iluminadas.<\/p>\n<p style=\"text-align:center;margin:28px 0;\"><a href=\"https:\/\/www.google.com\/preferences\/source?q=dioguinho.com\" target=\"_blank\" rel=\"nofollow noopener\" style=\"display:inline-flex !important;align-items:center !important;gap:8px;padding:10px 18px;background:#ffffff;border:1px solid #dadce0;border-radius:999px;color:#3c4043;font-family:Roboto,Arial,sans-serif;font-size:15px;font-weight:700;text-decoration:none;line-height:1.3;box-sizing:border-box;max-width:100%;\"><img loading=\"lazy\" decoding=\"async\" title=\"Novo Fonte preferida no Google\" src=\"https:\/\/www.europesays.com\/pt\/wp-content\/uploads\/2026\/08\/1786494444_430_googleg_48dp.png\" alt=\"Google\" width=\"18\" height=\"18\" style=\"display:inline-block !important;flex-shrink:0 !important;vertical-align:middle !important;margin:0 !important;border:0 !important;width:18px !important;height:18px !important;float:none !important;\"\/>Tornar o Dioguinho a tua fonte preferida no Google<\/a><\/p>\n<p>Se acompanharmos as redes sociais dos famosos, n\u00e3o faltam imagens radiantes. Este fim-de-semana, <strong>Fernanda Serrano partilhou um retrato onde surge acompanhada de Tiago Froufe. Ao som da m\u00fasica \u2018Everything\u2019 (Tudo)<\/strong>, tamb\u00e9m ele republicou a hist\u00f3ria ao lado da m\u00e3e de Santiago, o mais velho dos quatro filhos nascidos do casamento com Pedro Miguel Ramos, que completa 22 anos a 4 de Mar\u00e7o.<\/p>\n<p>Leia tamb\u00e9m: <strong><a href=\"https:\/\/dioguinho.com\/apos-rumores-de-romance-com-quinita-rui-filipe-expoe-mensagens-de-odio-e-deixa-aviso\/\" target=\"_blank\" rel=\"noopener nofollow\">Ap\u00f3s rumores de romance com Quinita, Rui Filipe exp\u00f5e mensagens de \u00f3dio e deixa aviso<\/a><\/strong><\/p>\n<p>Apesar de ser agente de Fernanda, <strong>desta vez a \u201cboa nova\u201d dava conta de uma maior aproxima\u00e7\u00e3o ao parceiro de Lu\u00eds Pedro Nunes, no projeto que dividiu inicialmente com Pedro Teixeira, \u2018Bons Rapazes\u2019. Para al\u00e9m da cl\u00e1ssica foto de \u201ccasal\u201d, estariam tamb\u00e9m como \u201cnamorados\u201d<\/strong> numa mesa de amigos, tamb\u00e9m com Liliana Santos e a cara metade.<\/p>\n<p><a href=\"https:\/\/www.europesays.com\/pt\/wp-content\/uploads\/2026\/08\/m.jpg\">  <img loading=\"lazy\" decoding=\"async\" src=\"https:\/\/www.europesays.com\/pt\/wp-content\/uploads\/2026\/08\/m.jpg\" alt=\"EXCLUSIVO! Cristina Ferreira apresenta sozinha 'BB ALL STARS' e Francisco Monteiro \u00e9 concorrente!\" width=\"704\" height=\"1339\"  \/>  <\/a>EXCLUSIVO! Cristina Ferreira apresenta sozinha \u2018BB ALL STARS\u2019 e Francisco Monteiro \u00e9 concorrente!<\/p>\n<p>Ali\u00e1s, Liliana est\u00e1 de volta \u00e0s novelas da TVI, onde trabalha com Serrano. Em \u2018Cora\u00e7\u00e3o de M\u00e3e\u2019, que estreia em meados de Setembro para substituir \u2018Terra Forte\u2019, Fernanda <strong>vai causar pol\u00e9mica na pele de Madalena, uma mulher casada com a personagem de Marco Delgado, que tem um caso com um adolescente<\/strong> (Dinis<strong> Lima).<\/strong><\/p>\n<p>Mas voltemos ao alegado novo romance de Tiago Froufe, o CEO da Luvin\u2019. Ora, o <strong>ex-agente de Cristina Ferreira, quando estava casado com In\u00eas Mendes da Silva e ambos representavam a Notable, \u00e9 agora apontado como sendo o novo dono do cora\u00e7\u00e3o<\/strong> de uma das mulheres mais desejadas de Portugal.<\/p>\n<p>Para tirar as d\u00favidas, <strong>nada melhor do que falar com a protagonista da not\u00edcia. O DIOGUINHO esteve \u00e0 conversa com Fernanda, na tarde desta segunda-feira, 10 de Agosto. Sempre simp\u00e1tica, como \u00e9 seu cart\u00e3o de visita em mais de trinta anos de carreira, a filha \u00fanica de Erc\u00edlia e Jaime Serrano ouviu a pergunta<\/strong> e sorriu.<\/p>\n<p>Leia tamb\u00e9m: <strong><a href=\"https:\/\/dioguinho.com\/jessica-vieira-acusa-concorrentes-do-bb-verao-de-fugirem-ao-debate-sobre-machismo\/\" target=\"_blank\" rel=\"noopener nofollow\">J\u00e9ssica Vieira acusa concorrentes do \u2018BB Ver\u00e3o\u2019 de fugirem ao debate sobre machismo<\/a><\/strong><\/p>\n<p><strong>\u201cO que \u00e9 que eu vou dizer? Bom\u2026 O Tiago \u00e9 meu amigo, meu agente, e isso n\u00e3o \u00e9 assim. N\u00e3o \u00e9 namorado\u201d<\/strong>, esclareceu aquela que foi tamb\u00e9m foi apresentadora da RTP e deu os primeiros passos na representa\u00e7\u00e3o num filme espanhol resultado de uma temporada passada em Barcelona.<\/p>\n<p>Em declara\u00e7\u00f5es exclusivas ao DIOGUINHO, <strong>Fernanda Serrano recordou a gravidez de Santiago, que agora \u00e9 DJ, @yantemusic : \u201cEst\u00e1 cada vez mais bonito. Ele e as tr\u00eas irm\u00e3s. S\u00e3o os meus amores. Fa\u00e7o quest\u00e3o de estar com eles muitas vezes. Todos juntos nas f\u00e9rias e sempre\u201d.\u00a0<\/strong><\/p>\n","protected":false},"excerpt":{"rendered":"Ser\u00e1 que a fila andou para a bela atriz, de 52 anos, ou tudo n\u00e3o passa de uma&hellip;\n","protected":false},"author":2,"featured_media":483283,"comment_status":"","ping_status":"","sticky":false,"template":"","format":"standard","meta":{"footnotes":"","_share_on_mastodon":"0"},"categories":[85],"tags":[77345,77346,18817,114,115,1408,77347,74408,32,33,77348,77349,77350,162],"class_list":["post-483282","post","type-post","status-publish","format-standard","has-post-thumbnail","category-entretenimento","tag-algarve-2026","tag-corau00e7u00e3o-de-mu00e3e","tag-dinis-lima","tag-entertainment","tag-entretenimento","tag-fernanda-serrano","tag-luvin","tag-marco-delgado","tag-portugal","tag-pt","tag-romance-fernanda-serrano-e-tiago-froufe","tag-santiago-ramos-dj-yante-music","tag-tiago-froufe","tag-tvi"],"share_on_mastodon":{"url":"https:\/\/pubeurope.com\/@pt\/117079707412079511","error":""},"_links":{"self":[{"href":"https:\/\/www.europesays.com\/pt\/wp-json\/wp\/v2\/posts\/483282","targetHints":{"allow":["GET"]}}],"collection":[{"href":"https:\/\/www.europesays.com\/pt\/wp-json\/wp\/v2\/posts"}],"about":[{"href":"https:\/\/www.europesays.com\/pt\/wp-json\/wp\/v2\/types\/post"}],"author":[{"embeddable":true,"href":"https:\/\/www.europesays.com\/pt\/wp-json\/wp\/v2\/users\/2"}],"replies":[{"embeddable":true,"href":"https:\/\/www.europesays.com\/pt\/wp-json\/wp\/v2\/comments?post=483282"}],"version-history":[{"count":0,"href":"https:\/\/www.europesays.com\/pt\/wp-json\/wp\/v2\/posts\/483282\/revisions"}],"wp:featuredmedia":[{"embeddable":true,"href":"https:\/\/www.europesays.com\/pt\/wp-json\/wp\/v2\/media\/483283"}],"wp:attachment":[{"href":"https:\/\/www.europesays.com\/pt\/wp-json\/wp\/v2\/media?parent=483282"}],"wp:term":[{"taxonomy":"category","embeddable":true,"href":"https:\/\/www.europesays.com\/pt\/wp-json\/wp\/v2\/categories?post=483282"},{"taxonomy":"post_tag","embeddable":true,"href":"https:\/\/www.europesays.com\/pt\/wp-json\/wp\/v2\/tags?post=483282"}],"curies":[{"name":"wp","href":"https:\/\/api.w.org\/{rel}","templated":true}]}}