{"id":48350,"date":"2025-08-28T08:02:10","date_gmt":"2025-08-28T08:02:10","guid":{"rendered":"https:\/\/www.europesays.com\/pt\/48350\/"},"modified":"2025-08-28T08:02:10","modified_gmt":"2025-08-28T08:02:10","slug":"chegar-aos-83-anos-com-essa-vitalidade-e-beleza-e-para-poucos-susana-vieira-arrasa-de-biquini-no-seu-aniversario-novelas","status":"publish","type":"post","link":"https:\/\/www.europesays.com\/pt\/48350\/","title":{"rendered":"\u00abChegar aos 83 anos com essa vitalidade e beleza \u00e9 para poucos\u00bb: Susana Vieira arrasa de biqu\u00edni no seu anivers\u00e1rio &#8211; Novelas"},"content":{"rendered":"<p data-end=\"483\" data-start=\"223\"><a href=\"https:\/\/tvi.iol.pt\/novelas\/search?pagina=1&amp;pesquisa=susana+vieira\" rel=\"nofollow noopener\" target=\"_blank\">Susana Vieira<\/a> completou 83 anos no passado s\u00e1bado, dia 23, e assinalou a data de forma inesquec\u00edvel. A atriz brasileira, uma das maiores estrelas da televis\u00e3o, festejou o anivers\u00e1rio em Mikonos, na Gr\u00e9cia, a bordo de um barco, rodeada de familiares e amigos.<\/p>\n<p data-end=\"746\" data-start=\"485\">Radiante, Susana Vieira partilhou no Instagram v\u00e1rias fotografias em biqu\u00edni, mostrando que continua em excelente forma f\u00edsica:\u00a0<strong>&#8220;Meus 83 anos, com a minha fam\u00edlia, amigos, muito amor, sa\u00fade e este mar sem fim&#8221;<\/strong>, escreveu a artista na legenda da publica\u00e7\u00e3o.<\/p>\n<p data-end=\"746\" data-start=\"485\">Veja, em baixo, a publica\u00e7\u00e3o original.\u00a0<\/p>\n<p data-end=\"746\" data-start=\"485\">\u00a0<\/p>\n<blockquote class=\"instagram-media\" data-instgrm-captioned=\"\" data-instgrm-permalink=\"https:\/\/www.instagram.com\/p\/DNt7lFRYrGz\/?utm_source=ig_embed&amp;utm_campaign=loading\" data-instgrm-version=\"14\" style=\" background:#FFF; border:0; border-radius:3px; box-shadow:0 0 1px 0 rgba(0,0,0,0.5),0 1px 10px 0 rgba(0,0,0,0.15); margin: 1px; max-width:540px; min-width:326px; padding:0; width:99.375%; width:-webkit-calc(100% - 2px); width:calc(100% - 2px);\">\n<\/blockquote>\n<p data-end=\"746\" data-start=\"485\">\u00a0<\/p>\n<p data-end=\"746\" data-start=\"485\">Os registos rapidamente conquistaram in\u00fameros elogios dos seguidores, que encheram a caixa de coment\u00e1rios com mensagens de carinho e admira\u00e7\u00e3o.<\/p>\n<p> Quem \u00e9 Susana Vieira? <\/p>\n<p data-end=\"1298\" data-start=\"1061\">Nascida em S\u00e3o Paulo, em 1942, Susana Vieira \u00e9 considerada uma das grandes damas da televis\u00e3o brasileira. Com mais de 60 anos de carreira, estreou-se na TV Globo em 1970 e rapidamente se tornou num dos nomes mais respeitados da fic\u00e7\u00e3o.<\/p>\n<p data-end=\"1506\" data-start=\"1300\">Protagonizou in\u00fameras novelas de sucesso, entre as quais \u201cA Pr\u00f3xima V\u00edtima\u201d, \u201cPor Amor\u201d, \u201cSenhora do Destino\u201d e \u201cAmor \u00e0 Vida\u201d, construindo uma carreira marcada por personagens fortes e memor\u00e1veis.<\/p>\n<p data-end=\"1724\" data-start=\"1508\">Ao longo das d\u00e9cadas, Susana Vieira destacou-se n\u00e3o s\u00f3 pelo talento e versatilidade, mas tamb\u00e9m pela irrever\u00eancia e carisma, mantendo-se at\u00e9 hoje como uma das figuras mais ic\u00f3nicas da cultura televisiva brasileira.<\/p>\n<p data-end=\"1724\" data-start=\"1508\"><strong>Veja, agora, na galeria que prepar\u00e1mos para si, as imagens do anivers\u00e1rio de Susana Vieira.<\/strong><\/p>\n<p>                    <script async src=\"\/\/www.instagram.com\/embed.js\"><\/script><\/p>\n","protected":false},"excerpt":{"rendered":"Susana Vieira completou 83 anos no passado s\u00e1bado, dia 23, e assinalou a data de forma inesquec\u00edvel. A&hellip;\n","protected":false},"author":2,"featured_media":48351,"comment_status":"","ping_status":"","sticky":false,"template":"","format":"standard","meta":{"footnotes":""},"categories":[85],"tags":[160,813,2312,166,114,115,157,167,164,161,158,165,159,32,33,156,8097,163,162],"class_list":{"0":"post-48350","1":"post","2":"type-post","3":"status-publish","4":"format-standard","5":"has-post-thumbnail","7":"category-entretenimento","8":"tag-ana-guiomar","9":"tag-atriz","10":"tag-atriz-brasileira","11":"tag-cristina-ferreira","12":"tag-entertainment","13":"tag-entretenimento","14":"tag-festa-e-festa","15":"tag-ficcao","16":"tag-jose-fidalgo","17":"tag-novelas","18":"tag-para-sempre","19":"tag-pedro-sousa","20":"tag-pedro-teixeira","21":"tag-portugal","22":"tag-pt","23":"tag-queridos-papas","24":"tag-susana-vieira","25":"tag-tiago-teotonio-pereira","26":"tag-tvi"},"share_on_mastodon":{"url":"","error":""},"_links":{"self":[{"href":"https:\/\/www.europesays.com\/pt\/wp-json\/wp\/v2\/posts\/48350","targetHints":{"allow":["GET"]}}],"collection":[{"href":"https:\/\/www.europesays.com\/pt\/wp-json\/wp\/v2\/posts"}],"about":[{"href":"https:\/\/www.europesays.com\/pt\/wp-json\/wp\/v2\/types\/post"}],"author":[{"embeddable":true,"href":"https:\/\/www.europesays.com\/pt\/wp-json\/wp\/v2\/users\/2"}],"replies":[{"embeddable":true,"href":"https:\/\/www.europesays.com\/pt\/wp-json\/wp\/v2\/comments?post=48350"}],"version-history":[{"count":0,"href":"https:\/\/www.europesays.com\/pt\/wp-json\/wp\/v2\/posts\/48350\/revisions"}],"wp:featuredmedia":[{"embeddable":true,"href":"https:\/\/www.europesays.com\/pt\/wp-json\/wp\/v2\/media\/48351"}],"wp:attachment":[{"href":"https:\/\/www.europesays.com\/pt\/wp-json\/wp\/v2\/media?parent=48350"}],"wp:term":[{"taxonomy":"category","embeddable":true,"href":"https:\/\/www.europesays.com\/pt\/wp-json\/wp\/v2\/categories?post=48350"},{"taxonomy":"post_tag","embeddable":true,"href":"https:\/\/www.europesays.com\/pt\/wp-json\/wp\/v2\/tags?post=48350"}],"curies":[{"name":"wp","href":"https:\/\/api.w.org\/{rel}","templated":true}]}}