{"id":483600,"date":"2026-08-12T05:52:13","date_gmt":"2026-08-12T05:52:13","guid":{"rendered":"https:\/\/www.europesays.com\/pt\/483600\/"},"modified":"2026-08-12T05:52:13","modified_gmt":"2026-08-12T05:52:13","slug":"eclipse-solar-seguido-de-chuva-de-estrelas-portugal-prepara-se-para-assistir-a-dois-fenomenos-especiais","status":"publish","type":"post","link":"https:\/\/www.europesays.com\/pt\/483600\/","title":{"rendered":"Eclipse solar seguido de chuva de estrelas: Portugal prepara-se para assistir a dois fen\u00f3menos especiais"},"content":{"rendered":"<p>Hoje n\u00e3o joga a sele\u00e7\u00e3o, o primeiro-ministro n\u00e3o fala ao pa\u00eds, n\u00e3o h\u00e1 confer\u00eancias de imprensa sobre a COVID-19, mas o pa\u00eds vai parar \u00e0 mesma hora para olhar para o mesmo: <strong>o eclipse total do sol<\/strong>.<\/p>\n<p>          <img decoding=\"async\" class=\"c-ad__placeholder__logo\" src=\"https:\/\/static.euronews.com\/website\/images\/logos\/logo-euronews-stacked-outlined-72x72-grey-9.svg\" width=\"72\" height=\"72\" alt=\"\" loading=\"lazy\"\/><br \/>\n          PUBLICIDADE<\/p>\n<p>          <img decoding=\"async\" class=\"c-ad__placeholder__logo\" src=\"https:\/\/static.euronews.com\/website\/images\/logos\/logo-euronews-stacked-outlined-72x72-grey-9.svg\" width=\"72\" height=\"72\" alt=\"\" loading=\"lazy\"\/><br \/>\n          PUBLICIDADE<\/p>\n<p>Pelas 19:30, na regi\u00e3o de Bragan\u00e7a, acontecer\u00e1 o eclipse total do Sol, ou seja, o dia passa para noite, com o Sol a ser tapado pela Lua. Al\u00e9m de escurecer, o ru\u00eddo ambiente diminui, a temperatura muda e surgem muito mais sombras.<\/p>\n<p>Este ser\u00e1 um espet\u00e1culo astron\u00f3mico que ningu\u00e9m vai querer perder, at\u00e9 porque <strong>\u00e9 bastante raro<\/strong> e o \u00faltimo eclipse total vis\u00edvel em Portugal continental <strong>ocorreu em 1912<\/strong>. <\/p>\n<p>Mas o eclipse n\u00e3o ser\u00e1 o \u00fanico fen\u00f3meno a surpreender esta noite. A partir das 21h30 de quarta-feira, cerca de uma hora ap\u00f3s o final do eclipse em Portugal continental, ir\u00e1 tamb\u00e9m ocorrer <strong>uma chuva de estrelas<\/strong>. Estes meteoros, chamados Perseidas, deixam um rasto de luz e v\u00e3o atravessar a atmosfera. <\/p>\n<p>Trata-se de uma chuva de meteoros anual, normalmente ativa entre meados de julho e o final de agosto. O pico ocorre, geralmente, por volta dos dias 12 e 13 de agosto.<\/p>\n<p>Como a Lua estar\u00e1 praticamente nova, o c\u00e9u estar\u00e1 bastante escuro e as condi\u00e7\u00f5es ser\u00e3o especialmente favor\u00e1veis para observar o fen\u00f3meno. No entanto, para uma experi\u00eancia de observa\u00e7\u00e3o m\u00e1xima, os especialistas recomendam procurar um <strong>local escuro, com horizonte desimpedido.<\/strong><\/p>\n<p>A atividade dever\u00e1 aumentar entre a meia-noite e as 02:00, mas o per\u00edodo mais favor\u00e1vel para tentar observar o maior n\u00famero de meteoros ser\u00e1 entre as 02:00 e as 05:00 da madrugada de dia 13, quando a constela\u00e7\u00e3o de Perseu, o ponto de onde os meteoros parecem irradiar, sobe mais alto no c\u00e9u.<\/p>\n<p>Os melhores locais para assistir ao fen\u00f3meno s\u00e3o o <a href=\"https:\/\/pt.euronews.com\/viagens\/2026\/06\/04\/reserva-dark-sky-alqueva-volta-a-ser-premiada-portugal-poderia-ser-pioneiro-em-muitos-proj\" rel=\"nofollow noopener\" target=\"_blank\">Dark Sky Alqueva<\/a>, no Alentejo, o primeiro territ\u00f3rio de c\u00e9u escuro certificado do mundo; no Norte, a zona de Montesinho e de Bragan\u00e7a, em Tr\u00e1s-os-Montes; na Serra da Estrela, Peneda-Ger\u00eas ou qualquer zona alta e afastada de povoa\u00e7\u00f5es no interior. <\/p>\n<p>Para uma experi\u00eancia ainda mais entusiasmante, tamb\u00e9m s\u00e3o necess\u00e1rios alguns truques, sendo essencial evitar olhar para ecr\u00e3s 20 a 30 minutos antes, para que os olhos se adaptem \u00e0 escurid\u00e3o e se foquem na chuva de estrelas.<\/p>\n<p>Voltando ao eclipse, a Euronews compilou tudo o que precisa de saber sobre o fen\u00f3meno:<\/p>\n<p><strong>O que \u00e9 um eclipse do Sol?<\/strong><\/p>\n<p>O fen\u00f3meno astron\u00f3mico conhecido por &#8220;eclipse&#8221; ocorre quando um corpo celeste bloqueia a luz do outro. No caso do eclipse solar, \u00e9 a Lua que tapa, de forma total ou parcial, a luz do Sol, dando origem \u00e0quilo que se chama &#8220;Anel de Diamante&#8221;, que dura apenas alguns segundos.<\/p>\n<p><strong>Onde posso ver o eclipse?<\/strong><\/p>\n<p>O eclipse ser\u00e1 vis\u00edvel em todo o pa\u00eds, contudo, n\u00e3o ser\u00e1 visto da mesma forma em todas as regi\u00f5es. <strong>O eclipse total, que corresponde a 100%, ser\u00e1 vis\u00edvel apenas no Parque Natural de Montesinho, em Bragan\u00e7a.<\/strong><\/p>\n<p>J\u00e1 o eclipse parcial profundo, entre 92% e 99% de visibilidade, poder\u00e1 ser observado em todo o territ\u00f3rio continental de Portugal.<\/p>\n<p>Nas ilhas, A\u00e7ores e Madeira, a percentagem \u00e9 bem mais baixa, entre 74% e 77%.<\/p>\n<p>Aconselha-se a assistir ao momento num espa\u00e7o amplo, sem muitos edif\u00edcios \u00e0 frente.<\/p>\n<p><strong>A que horas acontece?<\/strong><\/p>\n<p>O eclipse ter\u00e1 in\u00edcio pelas 18:33 e terminar\u00e1 pelas 20:23, ou seja, ter\u00e1 uma dura\u00e7\u00e3o de cerca de duas horas. O seu m\u00e1ximo ser\u00e1 atingido perto das 19:30. O eclipse total dura apenas 25 segundos.<\/p>\n<p><strong>Posso assistir sem prote\u00e7\u00e3o?<\/strong><\/p>\n<p><strong>N\u00e3o! Nunca se deve olhar diretamente para o Sol durante o fen\u00f3meno.<\/strong> S\u00f3 existe uma forma segura de ver o eclipse: <strong>utilizando \u00f3culos pr\u00f3prios para a observa\u00e7\u00e3o<\/strong>. O fen\u00f3meno n\u00e3o deve ser visto com \u00f3culos de sol, telesc\u00f3pios ou a olho nu, pois pode <strong>causar danos oculares<\/strong>. A luz solar direta n\u00e3o causa dor imediata, mas pode provocar queimaduras na retina, com consequ\u00eancias posteriores, como a <strong>perda permanente da vis\u00e3o.<\/strong><\/p>\n<p>As organiza\u00e7\u00f5es respons\u00e1veis chamam tamb\u00e9m a aten\u00e7\u00e3o para o uso de c\u00e2maras e telem\u00f3veis, que podem igualmente ser danificados se forem utilizados sem filtros apropriados.<\/p>\n<p>Em Portugal, a ZEISS lan\u00e7ou uma campanha onde disponibilizava \u00f3culos de eclipse gratuitos em todo o pa\u00eds. Bastava dirigir-se a uma \u00f3tica da rede Club de Vis\u00e3o, mediante inscri\u00e7\u00e3o pr\u00e9via. Contudo, a iniciativa estava limitada ao stock existente e j\u00e1 n\u00e3o ser\u00e1 poss\u00edvel obt\u00ea-los gratuitamente.<\/p>\n<p>Pode adquirir uns \u00f3culos de eclipse, mas a comunidade \u00f3tica indica algumas caracter\u00edsticas necess\u00e1rias para confirmar que est\u00e1 a comprar o modelo indicado. Os \u00f3culos devem ter <strong>certifica\u00e7\u00e3o ISO 12312-2 ou ISO 12312-2:2015<\/strong> para observa\u00e7\u00e3o solar, bem como a marca\u00e7\u00e3o <strong>CE impressa na arma\u00e7\u00e3o<\/strong>. Devem, ainda, garantir o <strong>bloqueio de raios UV, IR e de luz vis\u00edvel intensa.<\/strong> Tamb\u00e9m devem ser pr\u00e9-fabricados e prontos para usar, sem necessidade de montagem.<\/p>\n<p>Pode adquirir os \u00f3culos em farm\u00e1cias, alguns supermercados e lojas online como a Astroshop, Telescopiomania, ESTUDIOPT, Aff Camera Store ou Sol &amp; Salvo vendem estes <strong>\u00f3culos por valores que variam entre 2,90 e 3,25 euros por unidade.<\/strong> Nestas lojas tamb\u00e9m est\u00e3o dispon\u00edveis packs para fam\u00edlias ou grupos de amigos.<\/p>\n<p><strong>Existem s\u00edtios para ver acompanhados por outras pessoas?<\/strong><\/p>\n<p>Sim. Na plataforma <a href=\"https:\/\/pt.euronews.com\/2026\/08\/12\/file:\/\/\/C:\/Users\/palma-a\/AppData\/Local\/Temp\/msohtmlclip1\/01\/clip%5Ffilelist.xml\" rel=\"nofollow noopener\" target=\"_blank\">https:\/\/eclipse2026.pt<\/a> est\u00e3o dispon\u00edveis centenas de a\u00e7\u00f5es que acontecem no pr\u00f3prio dia do eclipse. Em algumas j\u00e1 n\u00e3o \u00e9 poss\u00edvel participar, por exigirem inscri\u00e7\u00e3o pr\u00e9via. Ainda assim, deixamos algumas destas iniciativas, de norte a sul do pa\u00eds, onde ainda se pode tentar participar gratuitamente:<\/p>\n<p>Promovida pelo Centro Ci\u00eancia Viva do Algarve, em Faro e Albufeira haver\u00e1 uma sess\u00f5es de acompanhamento da observa\u00e7\u00e3o do Eclipse Solar Parcial. Em Faro, o evento decorrer\u00e1 no Parque Ribeirinho, pelas 18:30. A entrada \u00e9 livre e a idade m\u00ednima dos participantes \u00e9 de 12 anos.<\/p>\n<p>Em Albufeira, ser\u00e1 na freguesia de Paderne no castelo da freguesia. O evento \u00e9 de entrada livre e ter\u00e1 continuidade pela noite com uma observa\u00e7\u00e3o de uma chuva de meteoros Perseidas.<\/p>\n<ol>\n<li>&#8220;Eclipse Solar e Observa\u00e7\u00e3o Noturna dos Astros&#8221;<\/li>\n<\/ol>\n<p>Organizado pelo Centro Ci\u00eancia Viva de Tavira, em parceria com o munic\u00edpio de Tavira, decorrer\u00e1 na Pra\u00e7a da Rep\u00fablica. A entrada \u00e9 livre e a idade m\u00ednima \u00e9 de 3 anos.<\/p>\n<p>&#8220;Durante a atividade, ser\u00e1 feita uma breve explica\u00e7\u00e3o sobre a forma\u00e7\u00e3o dos eclipses solares e ser\u00e3o promovidas conversas sobre a import\u00e2ncia da investiga\u00e7\u00e3o cient\u00edfica e da observa\u00e7\u00e3o do c\u00e9u&#8221;, informa a iniciativa.<\/p>\n<ol>\n<li>&#8220;Eclipse Solar na Praia do Arraial&#8221; e &#8220;Eclipse Solar na Praia do Barril&#8221;<\/li>\n<\/ol>\n<p>Ambos os eventos s\u00e3o organizados pelo Centro Ci\u00eancia Viva de Tavira, com entrada livre. Come\u00e7am pelas 18:30, mas \u00e9 aconselhado chegar um bocadinho antes. Na Praia do Arraial, a idade m\u00ednima de participa\u00e7\u00e3o \u00e9 de 5 anos. J\u00e1 na Praia do Barril, \u00e9 de 3 anos.<\/p>\n<ul>\n<li><strong>Oeiras<\/strong><br \/>\nTamb\u00e9m na praia de Santo Amaro de Oeiras, ser\u00e1 poss\u00edvel assistir ao eclipse parcial do Sol. Estima-se que, aqui, o fen\u00f3meno atingir\u00e1 cerca de 95 %.<\/li>\n<\/ul>\n<p>A organiza\u00e7\u00e3o \u00e9 da autarquia que preparou uma tarde festiva, com in\u00edcio \u00e0s 16:00, que conjugar\u00e1 o ambiente de festa de ver\u00e3o com a observa\u00e7\u00e3o do fen\u00f3meno.<\/p>\n<p>Al\u00e9m de um DJ set,  ser\u00e1 instalado um ecr\u00e3 de grandes dimens\u00f5es que vai transmitir em direto, permitindo a todos acompanhar sem riscos para a vis\u00e3o. A sess\u00e3o ser\u00e1 acompanhada com explica\u00e7\u00f5es do que se estar\u00e1 a ver.<\/p>\n<p>&#8220;Quando o c\u00e9u escurece: Compreender o Eclipse Solar e como observar em seguran\u00e7a&#8221; \u00e9 uma das iniciativas a decorrer ao final da tarde de dia 12. \u00c9 organizada pela Associa\u00e7\u00e3o Astron\u00f3mica Horizonte Estelar e o ponto de encontro est\u00e1 marcado para o Adro da Igreja, pelas 17:00. O evento tem a dura\u00e7\u00e3o de 3 horas e 30 minutos. Antes do eclipse, ser\u00e1 feita uma abordagem te\u00f3rica do fen\u00f3meno e, durante o mesmo, ser\u00e3o dadas explica\u00e7\u00f5es aos participantes. A idade m\u00ednima para participar \u00e9 de 6 anos.<\/p>\n<p>O &#8220;Eclipse do Sol 2026 no Time Out Market Porto&#8221; \u00e9 organizado pelo mercado, que convida todos a juntarem-se na pra\u00e7a exterior, com vista privilegiada para a Torre dos Cl\u00e9rigos. O evento come\u00e7a \u00e0s 18:00 e dura 3 horas.<\/p>\n<p>A organiza\u00e7\u00e3o avan\u00e7a que &#8220;para assinalar a ocasi\u00e3o, foi criado o cocktail tem\u00e1tico &#8216;Eclipse&#8217;. Na compra deste cocktail, ser\u00e1 oferecido um par de \u00f3culos para observa\u00e7\u00e3o solar, at\u00e9 ao limite do stock dispon\u00edvel&#8221;.<\/p>\n<p>Organizada pelo Centro Ci\u00eancia Viva de Vila do Conde, a observa\u00e7\u00e3o do eclipse poder\u00e1 ser feita em grupo a partir da Marginal, em frente ao restaurante Farol. A entrada \u00e9 livre e o evento come\u00e7a pelas 16:00. A idade m\u00ednima recomendada para observar o fen\u00f3meno \u00e9 de 6 anos.<\/p>\n<p>Existem tamb\u00e9m iniciativas privadas, organizadas por grupos de amigos nas p\u00e1ginas das redes sociais. Procure na sua zona se est\u00e1 a ser organizada alguma.<\/p>\n","protected":false},"excerpt":{"rendered":"Hoje n\u00e3o joga a sele\u00e7\u00e3o, o primeiro-ministro n\u00e3o fala ao pa\u00eds, n\u00e3o h\u00e1 confer\u00eancias de imprensa sobre a&hellip;\n","protected":false},"author":2,"featured_media":483601,"comment_status":"","ping_status":"","sticky":false,"template":"","format":"standard","meta":{"footnotes":"","_share_on_mastodon":"0"},"categories":[84],"tags":[443,109,107,108,55608,32,33,105,103,104,106,110],"class_list":["post-483600","post","type-post","status-publish","format-standard","has-post-thumbnail","category-ciencia-e-tecnologia","tag-astronomia","tag-ciencia","tag-ciencia-e-tecnologia","tag-cienciaetecnologia","tag-eclipse-total-do-sol","tag-portugal","tag-pt","tag-science","tag-science-and-technology","tag-scienceandtechnology","tag-technology","tag-tecnologia"],"share_on_mastodon":{"url":"https:\/\/pubeurope.com\/@pt\/117080985482739256","error":""},"_links":{"self":[{"href":"https:\/\/www.europesays.com\/pt\/wp-json\/wp\/v2\/posts\/483600","targetHints":{"allow":["GET"]}}],"collection":[{"href":"https:\/\/www.europesays.com\/pt\/wp-json\/wp\/v2\/posts"}],"about":[{"href":"https:\/\/www.europesays.com\/pt\/wp-json\/wp\/v2\/types\/post"}],"author":[{"embeddable":true,"href":"https:\/\/www.europesays.com\/pt\/wp-json\/wp\/v2\/users\/2"}],"replies":[{"embeddable":true,"href":"https:\/\/www.europesays.com\/pt\/wp-json\/wp\/v2\/comments?post=483600"}],"version-history":[{"count":0,"href":"https:\/\/www.europesays.com\/pt\/wp-json\/wp\/v2\/posts\/483600\/revisions"}],"wp:featuredmedia":[{"embeddable":true,"href":"https:\/\/www.europesays.com\/pt\/wp-json\/wp\/v2\/media\/483601"}],"wp:attachment":[{"href":"https:\/\/www.europesays.com\/pt\/wp-json\/wp\/v2\/media?parent=483600"}],"wp:term":[{"taxonomy":"category","embeddable":true,"href":"https:\/\/www.europesays.com\/pt\/wp-json\/wp\/v2\/categories?post=483600"},{"taxonomy":"post_tag","embeddable":true,"href":"https:\/\/www.europesays.com\/pt\/wp-json\/wp\/v2\/tags?post=483600"}],"curies":[{"name":"wp","href":"https:\/\/api.w.org\/{rel}","templated":true}]}}