{"id":48410,"date":"2025-08-28T09:19:10","date_gmt":"2025-08-28T09:19:10","guid":{"rendered":"https:\/\/www.europesays.com\/pt\/48410\/"},"modified":"2025-08-28T09:19:10","modified_gmt":"2025-08-28T09:19:10","slug":"os-melhores-10-anos-da-minha-vida","status":"publish","type":"post","link":"https:\/\/www.europesays.com\/pt\/48410\/","title":{"rendered":"&#8216;Os melhores 10 anos da minha vida&#8217;"},"content":{"rendered":"<p>\n                        Recentemente, boatos sobre um poss\u00edvel envolvimento entre Paola Carosella e Henrique Foga\u00e7a voltaram a circular nas redes sociais ap\u00f3s entrevista da chef no programa &#8216;Blogueirinha&#8217;\n                    <\/p>\n<p>\n                                                                                                                                                                                                                            27 ago<br \/>\n                                    2025<br \/>\n                                     &#8211; 20h39\n                                <\/p>\n<p>\n                                                                                                            (atualizado em 28\/8\/2025 \u00e0s 00h04)\n                                                                    <\/p>\n<p><img loading=\"lazy\" decoding=\"async\" alt=\"Ap\u00f3s pol\u00eamica com Paola Carosella, Henrique Foga\u00e7a ganha declara\u00e7\u00e3o apaixonada da mulher: 'Os melhores 10 anos da minha vida'.\" class=\"img-ef6098cd2d18bfe519f9dea3743ed66ez58djueu\" height=\"455\" src=\"https:\/\/www.europesays.com\/pt\/wp-content\/uploads\/2025\/08\/1353460178-bc0164f0aafea98f-1400x823-2.png\"  title=\"Ap\u00f3s pol\u00eamica com Paola Carosella, Henrique Foga\u00e7a ganha declara\u00e7\u00e3o apaixonada da mulher: 'Os melhores 10 anos da minha vida'.\" width=\"774\"\/><\/p>\n<p>Ap\u00f3s pol\u00eamica com Paola Carosella, Henrique Foga\u00e7a ganha declara\u00e7\u00e3o apaixonada da mulher: &#8216;Os melhores 10 anos da minha vida&#8217;.<\/p>\n<p>Foto: Reprodu\u00e7\u00e3o\/Instagram \/ Purepeople<\/p>\n<p class=\"text\"><strong>Carine Ludvic<\/strong> usou seu Instagram para compartilhar uma foto especial do in\u00edcio do relacionamento com o chef<a href=\"https:\/\/www.purepeople.com.br\/famosos\/henrique-fogaca_p3831\" rel=\"nofollow noopener\" target=\"_blank\"> Henrique Foga\u00e7a<\/a>. A influenciadora publicou um registro antigo e aproveitou o momento para celebrar a uni\u00e3o de cerca de dez anos.\u00a0<\/p>\n<p class=\"text\">&#8220;Essa foi nossa primeira foto oficialmente juntos. Faz aproximadamente 10 anos&#8230; Os melhores da minha vida! Que sorte a minha!&#8221;, escreveu. Henrique Foga\u00e7a tamb\u00e9m repostou a publica\u00e7\u00e3o em suas redes sociais, onde costuma ser discreto em rela\u00e7\u00e3o \u00e0 vida pessoal.\u00a0<\/p>\n<p class=\"text\">O post chamou a aten\u00e7\u00e3o por ter sido feito poucos dias ap\u00f3s<a href=\"https:\/\/www.purepeople.com.br\/noticia\/paola-carosella-e-henrique-fogaca-ja-namoraram-apresentadora-nega-romance-e-vive-climao-com-blogueirinha-apos-piada-com-alimentos_a410577\/1\" rel=\"nofollow noopener\" target=\"_blank\"> rumores de um suposto envolvimento entre o cozinheiro e a chef Paola Carosella voltarem a circular na internet<\/a>, especialmente entre <a href=\"https:\/\/www.purepeople.com.br\/noticia\/masterchef-brasil-da-band-com-polemica-fala-controversa-de-erick-jacquin-tira-do-serio-atriz-da-globo-ana-hikari-vai-tomar_a410700\/1\" rel=\"nofollow noopener\" target=\"_blank\">f\u00e3s do programa MasterChef<\/a>.<\/p>\n<p class=\"text\">A especula\u00e7\u00e3o ganhou for\u00e7a ap\u00f3s Paola participar <a href=\"https:\/\/www.purepeople.com.br\/noticia\/o-que-aconteceu-entre-blogueirinha-e-paola-carosella-ex-masterchef-se-pronuncia-apos-ataques-a-filha-de-13-anos_a410748\/1\" rel=\"nofollow noopener\" target=\"_blank\">do programa De Frente com Blogueirinha<\/a>. Ao ser questionada sobre os boatos, <a href=\"https:\/\/www.purepeople.com.br\/noticia\/de-paola-carosella-e-fogaca-a-ana-castela-e-ze-felipe-10-famosos-envolvidos-em-rumores-de-romance-mas-que-nunca-confirmaram-affair_a410603\/1\" rel=\"nofollow noopener\" target=\"_blank\">a chef argentina respondeu de forma enigm\u00e1tica<\/a>: &#8220;Deixa o povo imaginar. Coisa mais linda voc\u00ea ficar imaginando duas pessoas t\u00e3o lindas, dois corpos t\u00e3o belos.&#8221;<\/p>\n<p class=\"text\">A fala foi vista por muitos internautas como uma confirma\u00e7\u00e3o indireta, o que intensificou os coment\u00e1rios nas redes sociais. No entanto, pouco depois, Paola fez quest\u00e3o de esclarecer que n\u00e3o mant\u00e9m nenhum relacionamento amoroso com Foga\u00e7a. &#8220;Mas nunca, nunca, nunca? Nunca. Nada, nada, nada? Nada&#8221;, escreveu.<\/p>\n<p>\n  Quem \u00e9 Carine Ludvic, mulher de Henrique Foga\u00e7a?\n<\/p>\n<p class=\"text\">Formada em Engenharia Qu\u00edmica por uma faculdade de S\u00e3o Paulo, Carine Ludvic construiu sua trajet\u00f3ria no mercado corporativo antes de explorar out&#8230;<\/p>\n<p class=\"text\"><a href=\"https:\/\/www.purepeople.com.br\/noticia\/apos-polemica-com-paola-carosella-henrique-fogaca-ganha-declaracao-apaixonada-da-mulher-os-melhores-10-anos-da-minha-vida_a410887\/1\" rel=\"nofollow noopener\" target=\"_blank\">Veja mais<\/a><\/p>\n<p class=\"text\"><b>Mat\u00e9rias relacionadas<\/b><\/p>\n<p class=\"text\"><a href=\"https:\/\/www.purepeople.com.br\/noticia\/qual-novela-isaac-amendoim-vai-fazer-ator-de-chico-bento-entra-em-eta-mundo-melhor-da-globo-como-amigo-de-candinho-detalhes_a408407\/1\" rel=\"nofollow noopener\" target=\"_blank\">De Chico Bento em &#8216;\u00cata Mundo Melhor!&#8217;! Al\u00e9m do burro Policarpo, Candinho ter\u00e1 outro novo melhor amigo ap\u00f3s 9 anos; conhe\u00e7a Picol\u00e9!<\/a><\/p>\n<p class=\"text\"><a href=\"https:\/\/www.purepeople.com.br\/noticia\/preta-gil-e-1-gravidez-de-angelica-o-fato-pouco-lembrado-que-uniu-filha-de-gilberto-gil-e-mulher-de-luciano-huck_a409549\/1\" rel=\"nofollow noopener\" target=\"_blank\">H\u00e1 21 anos, Preta Gil ganhou forte apoio de Ang\u00e9lica na Globo ap\u00f3s demiss\u00e3o da Band e na 1\u00aa gravidez da mulher de Luciano Huck<\/a><\/p>\n<p class=\"text\"><a href=\"https:\/\/www.purepeople.com.br\/noticia\/paola-carosella-e-henrique-fogaca-juntos-video-antigo-dos-jurados-do-masterchef-viraliza-na-web_a409518\/1\" rel=\"nofollow noopener\" target=\"_blank\">Gente? Pol\u00eamica com CEO em show de Coldplay traz \u00e0 tona antigo flagra de Paola Carosella e Henrique Foga\u00e7a no &#8216;MasterChef&#8217;. Entenda!<\/a><\/p>\n<p class=\"text\"><a href=\"https:\/\/www.purepeople.com.br\/noticia\/o-que-aconteceu-entre-blogueirinha-e-paola-carosella-ex-masterchef-se-pronuncia-apos-ataques-a-filha-de-13-anos_a410748\/1\" rel=\"nofollow noopener\" target=\"_blank\">Ap\u00f3s pol\u00eamica com Blogueirinha, Paola Carosella explica posicionamento e sai em defesa da filha de 13 anos: &#8216;Isso \u00e9 crime&#8217;<\/a><\/p>\n<p class=\"text\"><a href=\"https:\/\/www.purepeople.com.br\/noticia\/paola-carosella-no-masterchef-brasil-chef-volta-para-a-nova-temporada-e-nega-rivalidade-com-helena-rizzo_a407306\/1\" rel=\"nofollow noopener\" target=\"_blank\">Saudades dela? Paola Carosella retorna ao &#8216;MasterChef Brasil&#8217; ap\u00f3s quatro anos e comenta rumores de rivalidade com Helena Rizzo<\/a><\/p>\n","protected":false},"excerpt":{"rendered":"Recentemente, boatos sobre um poss\u00edvel envolvimento entre Paola Carosella e Henrique Foga\u00e7a voltaram a circular nas redes sociais&hellip;\n","protected":false},"author":2,"featured_media":48411,"comment_status":"","ping_status":"","sticky":false,"template":"","format":"standard","meta":{"footnotes":""},"categories":[145],"tags":[211,210,114,115,32,33],"class_list":{"0":"post-48410","1":"post","2":"type-post","3":"status-publish","4":"format-standard","5":"has-post-thumbnail","7":"category-celebridades","8":"tag-celebridades","9":"tag-celebrities","10":"tag-entertainment","11":"tag-entretenimento","12":"tag-portugal","13":"tag-pt"},"share_on_mastodon":{"url":"","error":""},"_links":{"self":[{"href":"https:\/\/www.europesays.com\/pt\/wp-json\/wp\/v2\/posts\/48410","targetHints":{"allow":["GET"]}}],"collection":[{"href":"https:\/\/www.europesays.com\/pt\/wp-json\/wp\/v2\/posts"}],"about":[{"href":"https:\/\/www.europesays.com\/pt\/wp-json\/wp\/v2\/types\/post"}],"author":[{"embeddable":true,"href":"https:\/\/www.europesays.com\/pt\/wp-json\/wp\/v2\/users\/2"}],"replies":[{"embeddable":true,"href":"https:\/\/www.europesays.com\/pt\/wp-json\/wp\/v2\/comments?post=48410"}],"version-history":[{"count":0,"href":"https:\/\/www.europesays.com\/pt\/wp-json\/wp\/v2\/posts\/48410\/revisions"}],"wp:featuredmedia":[{"embeddable":true,"href":"https:\/\/www.europesays.com\/pt\/wp-json\/wp\/v2\/media\/48411"}],"wp:attachment":[{"href":"https:\/\/www.europesays.com\/pt\/wp-json\/wp\/v2\/media?parent=48410"}],"wp:term":[{"taxonomy":"category","embeddable":true,"href":"https:\/\/www.europesays.com\/pt\/wp-json\/wp\/v2\/categories?post=48410"},{"taxonomy":"post_tag","embeddable":true,"href":"https:\/\/www.europesays.com\/pt\/wp-json\/wp\/v2\/tags?post=48410"}],"curies":[{"name":"wp","href":"https:\/\/api.w.org\/{rel}","templated":true}]}}