{"id":484196,"date":"2026-08-12T17:14:12","date_gmt":"2026-08-12T17:14:12","guid":{"rendered":"https:\/\/www.europesays.com\/pt\/484196\/"},"modified":"2026-08-12T17:14:12","modified_gmt":"2026-08-12T17:14:12","slug":"arquitetura-e-espacos-japoneses-sao-tema-da-quinta-temporada-do-podcast-da-japan-house","status":"publish","type":"post","link":"https:\/\/www.europesays.com\/pt\/484196\/","title":{"rendered":"Arquitetura e espa\u00e7os japoneses s\u00e3o tema da quinta temporada do podcast da Japan House"},"content":{"rendered":"<p>A partir de 11 de agosto, o <strong>podcast da <a href=\"https:\/\/japanhousesp.com.br\/\" target=\"_blank\" rel=\"noopener nofollow\">Japan House S\u00e3o Paulo<\/a> (JHSP)<\/strong> estreia nova temporada com uma viagem pela arquitetura e pelos espa\u00e7os japoneses \u2013 sejam aqueles destinados \u00e0 moradia, os p\u00fablicos ou at\u00e9 mesmo os vazios e m\u00edticos. Ao longo de oito epis\u00f3dios, veiculados sempre \u00e0s ter\u00e7as-feiras, a diretora cultural da JHSP, <strong>Natasha Barzaghi Geenen<\/strong>, e o arquiteto, escritor e vice-diretor da Faculdade de Arquitetura e Urbanismo e de Design da Universidade de S\u00e3o Paulo, <strong>Guilherme Wisnik<\/strong>, buscam entender como a arquitetura do Jap\u00e3o, da tradicional \u00e0 contempor\u00e2nea, molda e reflete aspectos do modo de vida do pa\u00eds nip\u00f4nico.<\/p>\n<p>    <img loading=\"lazy\" decoding=\"async\" alt=\"Capa do podcast JHSP, 5\u00aa temporada, com t\u00edtulo em letras grandes e brancas sobre fundo preto. No canto inferior esquerdo, Arquitetura e Espa\u00e7os Japoneses. No canto superior direito, um tri\u00e2ngulo bege. No lado direito, logotipos da Japan House S\u00e3o Paulo e Est\u00fadio Novelo\" class=\"alignnone size-large wp-image-535774\" src=\"https:\/\/www.europesays.com\/pt\/wp-content\/uploads\/2026\/08\/arquitetura-e-espacos-japoneses-sao-tema-da-quinta-temporada-do-podcast-da-japan-house.jpg\" border=\"0\" title=\"arquitetura-e-espacos-japoneses-sao-tema-da-quinta-temporada-do-podcast-da-japan-house\" width=\"1024\" height=\"1024\" data-restrict=\"false\" data-portal-copyright=\"Japan House\" data-image-caption=\"\" data-image-title=\"\" data-image-source=\"Divulga\u00e7\u00e3o\"\/><br \/>\n     \u2013 (Japan House\/Divulga\u00e7\u00e3o)<\/p>\n<p>Nesta temporada, produzida pelo Est\u00fadio Novelo, entre outros convidados, participam o arquiteto e urbanista Rodrigo Ohtake; o curador geral do Museu Oscar Niemeyer em Curitiba, Agnaldo Faria; a escritora e pesquisadora de cultura japonesa Cristiane Sato; o produtor cultural Jo Takahashi; o arquiteto e cr\u00edtico de arquitetura Gabriel Kogan; e os criadores de conte\u00fado Vanessa Kairiyama, Victor Hugo Kebbe e Piti Koshimura.<\/p>\n<p>\u201cDesde que iniciamos o nosso programa de podcast temos proposto di\u00e1logos sobre diversos assuntos da cultura japonesa. Em um formato em que muitas vozes s\u00e3o ouvidas, enriquecemos os debates, o conhecimento e a vis\u00e3o sobre o Jap\u00e3o em diversas \u00e1reas da cria\u00e7\u00e3o. Depois de literatura, gastronomia, cinema e design, nossa quinta temporada foca na arquitetura de uma forma mais ampla, levando em conta as ocupa\u00e7\u00f5es de diversos tipos de espa\u00e7os, at\u00e9 mesmo os imagin\u00e1rios\u201d, comenta Natasha, que tamb\u00e9m apresentou as quatro primeiras temporadas do podcast da institui\u00e7\u00e3o, que alcan\u00e7aram mais de 88 mil downloads e hoje est\u00e3o dispon\u00edveis no site da JHSP e nos principais tocadores do mercado.<\/p>\n<p>    Continua ap\u00f3s a publicidade<\/p>\n<p>\u201cA quinta temporada do podcast da JHSP nos leva a importantes reflex\u00f5es sobre os sentidos do espa\u00e7o no Oriente, em contraste com a maneira como pensamos aqui. Penso que o interesse por outras culturas e formas de pensar enriquece n\u00e3o apenas nosso conhecimento, mas nossa disposi\u00e7\u00e3o para estarmos abertos para o outro, para a diferen\u00e7a. Nesse sentido, o Oriente \u2013 e em particular o Jap\u00e3o \u2013 tem muito a nos ensinar, j\u00e1 que seus conceitos, materiais e filos\u00f3ficos, tendem a ser muito abertos e ambivalentes, e n\u00e3o un\u00edvocos\u201d, afirma Guilherme Wisnik, co-host da temporada.<\/p>\n<p>Servi\u00e7o:<br \/>\nPodcast Japan House SP 5\u00aa temporada \u2013 Arquitetura e espa\u00e7os japoneses<\/p>\n<p>Lan\u00e7amento: 11 de agosto de 2026<\/p>\n<p>    Continua ap\u00f3s a publicidade<\/p>\n<p>Novos epis\u00f3dios \u00e0s ter\u00e7as-feiras<br \/>Dispon\u00edvel na Amazon Music, Apple Music, Cast Box, Deezer, Spotify, YouTube Music e no Canal do YouTube da JHSP<\/p>\n<p>Newsletter<\/p>\n<p>\n                            Dicas, inspira\u00e7\u00f5es e not\u00edcias sobre decora\u00e7\u00e3o, arquitetura, jardinagem e organiza\u00e7\u00e3o para sua casa. Quem mora, precisa!<br \/>\n                                <strong><br \/>\n                                    Inscreva-se aqui<br \/>\n                                <\/strong>para receber a nossa newsletter<\/p>\n<p>                            Cadastro efetuado com sucesso!<\/p>\n<p>Voc\u00ea receber\u00e1 nossa newsletter em breve.<\/p>\n","protected":false},"excerpt":{"rendered":"A partir de 11 de agosto, o podcast da Japan House S\u00e3o Paulo (JHSP) estreia nova temporada com&hellip;\n","protected":false},"author":2,"featured_media":484197,"comment_status":"","ping_status":"","sticky":false,"template":"","format":"standard","meta":{"footnotes":"","_share_on_mastodon":"0"},"categories":[84],"tags":[109,107,108,77535,461,13,32,33,105,103,104,106,110],"class_list":["post-484196","post","type-post","status-publish","format-standard","has-post-thumbnail","category-ciencia-e-tecnologia","tag-ciencia","tag-ciencia-e-tecnologia","tag-cienciaetecnologia","tag-japan-house","tag-japao","tag-noticias","tag-portugal","tag-pt","tag-science","tag-science-and-technology","tag-scienceandtechnology","tag-technology","tag-tecnologia"],"share_on_mastodon":{"url":"https:\/\/pubeurope.com\/@pt\/117083666856778464","error":""},"_links":{"self":[{"href":"https:\/\/www.europesays.com\/pt\/wp-json\/wp\/v2\/posts\/484196","targetHints":{"allow":["GET"]}}],"collection":[{"href":"https:\/\/www.europesays.com\/pt\/wp-json\/wp\/v2\/posts"}],"about":[{"href":"https:\/\/www.europesays.com\/pt\/wp-json\/wp\/v2\/types\/post"}],"author":[{"embeddable":true,"href":"https:\/\/www.europesays.com\/pt\/wp-json\/wp\/v2\/users\/2"}],"replies":[{"embeddable":true,"href":"https:\/\/www.europesays.com\/pt\/wp-json\/wp\/v2\/comments?post=484196"}],"version-history":[{"count":0,"href":"https:\/\/www.europesays.com\/pt\/wp-json\/wp\/v2\/posts\/484196\/revisions"}],"wp:featuredmedia":[{"embeddable":true,"href":"https:\/\/www.europesays.com\/pt\/wp-json\/wp\/v2\/media\/484197"}],"wp:attachment":[{"href":"https:\/\/www.europesays.com\/pt\/wp-json\/wp\/v2\/media?parent=484196"}],"wp:term":[{"taxonomy":"category","embeddable":true,"href":"https:\/\/www.europesays.com\/pt\/wp-json\/wp\/v2\/categories?post=484196"},{"taxonomy":"post_tag","embeddable":true,"href":"https:\/\/www.europesays.com\/pt\/wp-json\/wp\/v2\/tags?post=484196"}],"curies":[{"name":"wp","href":"https:\/\/api.w.org\/{rel}","templated":true}]}}