{"id":484242,"date":"2026-08-12T18:03:12","date_gmt":"2026-08-12T18:03:12","guid":{"rendered":"https:\/\/www.europesays.com\/pt\/484242\/"},"modified":"2026-08-12T18:03:12","modified_gmt":"2026-08-12T18:03:12","slug":"papanduva-continua-com-infestacao-do-mosquito-da-dengue","status":"publish","type":"post","link":"https:\/\/www.europesays.com\/pt\/484242\/","title":{"rendered":"Papanduva continua com infesta\u00e7\u00e3o do mosquito da dengue"},"content":{"rendered":"<p>Papanduva \u00e9 um dos munic\u00edpios catarinenses infestados pelo mosquito Aedes aegypti, transmissor de doen\u00e7as como a dengue. O dado consta nas informa\u00e7\u00f5es publicadas recentemente pela Diretoria de Vigil\u00e2ncia Epidemiol\u00f3gica de Santa Catarine (Dive\/SC). O relat\u00f3rio foi publicado no in\u00edcio de agosto.<\/p>\n<p style=\"text-align: justify;\">\u00a0<\/p>\n<p style=\"text-align: justify;\"><strong>E os casos?<\/strong><\/p>\n<p style=\"text-align: justify;\">Mesmo com a infesta\u00e7\u00e3o, de acordo com o relat\u00f3rio do \u00f3rg\u00e3o oficial de sa\u00fade, n\u00e3o h\u00e1 casos da doen\u00e7a em Papanduva.<\/p>\n<p style=\"text-align: justify;\">\u00a0<\/p>\n<p style=\"text-align: justify;\"><strong>Quantos<\/strong><\/p>\n<p style=\"text-align: justify;\">Ao todo, segundo a Dive\/SC, s\u00e3o 190 munic\u00edpios na mesma situa\u00e7\u00e3o \u2013 dos 290 de Santa Catarina.<\/p>\n","protected":false},"excerpt":{"rendered":"Papanduva \u00e9 um dos munic\u00edpios catarinenses infestados pelo mosquito Aedes aegypti, transmissor de doen\u00e7as como a dengue. O&hellip;\n","protected":false},"author":2,"featured_media":484243,"comment_status":"","ping_status":"","sticky":false,"template":"","format":"standard","meta":{"footnotes":"","_share_on_mastodon":"0"},"categories":[86],"tags":[73666,2732,116,13,32,33,73665,117],"class_list":["post-484242","post","type-post","status-publish","format-standard","has-post-thumbnail","category-saude","tag-da-redacao","tag-geral","tag-health","tag-noticias","tag-portugal","tag-pt","tag-sao-bento-do-sul","tag-saude"],"share_on_mastodon":{"url":"https:\/\/pubeurope.com\/@pt\/117083858969385134","error":""},"_links":{"self":[{"href":"https:\/\/www.europesays.com\/pt\/wp-json\/wp\/v2\/posts\/484242","targetHints":{"allow":["GET"]}}],"collection":[{"href":"https:\/\/www.europesays.com\/pt\/wp-json\/wp\/v2\/posts"}],"about":[{"href":"https:\/\/www.europesays.com\/pt\/wp-json\/wp\/v2\/types\/post"}],"author":[{"embeddable":true,"href":"https:\/\/www.europesays.com\/pt\/wp-json\/wp\/v2\/users\/2"}],"replies":[{"embeddable":true,"href":"https:\/\/www.europesays.com\/pt\/wp-json\/wp\/v2\/comments?post=484242"}],"version-history":[{"count":0,"href":"https:\/\/www.europesays.com\/pt\/wp-json\/wp\/v2\/posts\/484242\/revisions"}],"wp:featuredmedia":[{"embeddable":true,"href":"https:\/\/www.europesays.com\/pt\/wp-json\/wp\/v2\/media\/484243"}],"wp:attachment":[{"href":"https:\/\/www.europesays.com\/pt\/wp-json\/wp\/v2\/media?parent=484242"}],"wp:term":[{"taxonomy":"category","embeddable":true,"href":"https:\/\/www.europesays.com\/pt\/wp-json\/wp\/v2\/categories?post=484242"},{"taxonomy":"post_tag","embeddable":true,"href":"https:\/\/www.europesays.com\/pt\/wp-json\/wp\/v2\/tags?post=484242"}],"curies":[{"name":"wp","href":"https:\/\/api.w.org\/{rel}","templated":true}]}}