{"id":484254,"date":"2026-08-12T18:09:17","date_gmt":"2026-08-12T18:09:17","guid":{"rendered":"https:\/\/www.europesays.com\/pt\/484254\/"},"modified":"2026-08-12T18:09:17","modified_gmt":"2026-08-12T18:09:17","slug":"resgatados-dois-dos-quatro-portugueses-que-naufragaram-ao-largo-da-croacia-economia","status":"publish","type":"post","link":"https:\/\/www.europesays.com\/pt\/484254\/","title":{"rendered":"Resgatados dois dos quatro portugueses que naufragaram ao largo da Cro\u00e1cia &#8211; Economia"},"content":{"rendered":"<p class=\"\">&#13;<br \/>\n        J\u00e1 <b>foram resgatados dois dos quatro portugueses que estavam desaparecidos depois do naufr\u00e1gio de uma embarca\u00e7\u00e3o ao largo da Cro\u00e1cia<\/b>, segundo not\u00edcias de dois jornais locais.&#13;\n    <\/p>\n<p class=\"\">&#13;<br \/>\n        O jornal croata\u00a0Novi List\u00a0avan\u00e7ou que foi encontrada uma mulher portuguesa com vida, na ba\u00eda de\u00a0Butinj,\u00a0na ilha de Krk, por volta das 11h40 locais (10h40 de Lisboa). Segundo o\u00a0capit\u00e3o do porto de Senj,\u00a0Nenad Bugarin,\u00a0&#8220;foi resgatada do mar por funcion\u00e1rios da Capitania do Porto de Senj&#8221; e provavelmente n\u00e3o necessitar\u00e1 de assist\u00eancia m\u00e9dica, uma vez que se encontra bem de sa\u00fade. A informa\u00e7\u00e3o n\u00e3o foi, no entanto, confirmada pelo Governo portugu\u00eas. J\u00e1 o jornal Jutarnji List avan\u00e7a que um homem que seguia na embarca\u00e7\u00e3o foi encontrado perto da enseada de Ogrul.&#13;\n    <\/p>\n<p class=\"\">&#13;<br \/>\n        Esta quarta-feira tinha sido confirmado que <b>havia quatro portugueses desaparecidos ao &#8220;largo da Cro\u00e1cia&#8221;<\/b>, anunciou o Minist\u00e9rio dos Neg\u00f3cios Estrangeiros numa publica\u00e7\u00e3o na rede social X.\u00a0&#8220;O Minist\u00e9rios dos Neg\u00f3cios Estrangeiros acompanha, com grande apreens\u00e3o e em estreita articula\u00e7\u00e3o com as autoridades croatas, a situa\u00e7\u00e3o que envolveu quatro cidad\u00e3os portugueses desaparecidos ao largo da Cro\u00e1cia, ap\u00f3s a embarca\u00e7\u00e3o em que seguiam ter sido surpreendida por uma tempestade&#8221;, l\u00ea-se na publica\u00e7\u00e3o.&#13;\n    <\/p>\n<p class=\"\">&#13;<br \/>\n        As opera\u00e7\u00f5es de busca e salvamento est\u00e3o em curso desde as 4h41 locais (03h41 de Lisboa) no Canal de Velebit. A pedido do MRCC Rijeka, a Guarda Costeira croata, foi mobilizado um avi\u00e3o ilaus PC-9 para vasculhar o local, informou o Minist\u00e9rio da Defesa da Cro\u00e1cia.&#13;\n    <\/p>\n<p class=\"\">&#13;<br \/>\n        &#8220;Utiliz\u00e1mos as informa\u00e7\u00f5es que ela [a mulher encontrada] nos forneceu para ajudar na busca pelos outros tr\u00eas homens que se encontravam no barco&#8221;, afirmou Nenad Bugarin, citado pela r\u00e1dio HRT.&#13;\n    <\/p>\n<blockquote class=\"twitter-tweet\">\n<p lang=\"pt\" dir=\"ltr\">O MNE acompanha, com grande apreens\u00e3o e em estreita articula\u00e7\u00e3o com as autoridades croatas, a situa\u00e7\u00e3o que envolveu quatro cidad\u00e3os portugueses desaparecidos ao largo da Cro\u00e1cia, ap\u00f3s a embarca\u00e7\u00e3o em que seguiam ter sido surpreendida por uma tempestade.<\/p>\n<p>\u2014 Neg\u00f3cios Estrangeiros PT (@nestrangeiro_pt) <a href=\"https:\/\/x.com\/nestrangeiro_pt\/status\/2087499623166283916?ref_src=twsrc%5Etfw\" rel=\"nofollow\">August 12, 2026<\/a><\/p><\/blockquote>\n<p class=\"\">&#13;<br \/>\n        J\u00e1 esta quarta-feira, o primeiro-ministro, que falava aos jornalistas sobre a pol\u00e9mica com a compra de tr\u00eas fragatas a It\u00e1lia, adiantou ainda que teve conhecimento de que <b>existe j\u00e1 uma &#8220;v\u00edtima mortal identificada&#8221;.\u00a0<\/b>&#8220;Tive conhecimento h\u00e1 poucos instantes desse incidente&#8221;, come\u00e7ou por dizer. &#8220;Quero expressar o nosso lamento em nome do Governo e <b>em nome da v\u00edtima mortal que j\u00e1 foi identificada <\/b>e desejar que as pessoas que se encontram desaparecidas possam ser encontradas rapidamente com vida&#8221;, disse Lu\u00eds Montenegro.\u00a0O l\u00edder do Executivo n\u00e3o especificou, contudo, se esta v\u00edtima fazia parte dos quatro desaparecidos portugueses.&#13;\n    <\/p>\n<p class=\"\">&#13;<br \/>\n        (Not\u00edcia atualizada \u00e0s 14:14 horas com mais informa\u00e7\u00e3o)&#13;\n    <\/p>\n","protected":false},"excerpt":{"rendered":"&#13; J\u00e1 foram resgatados dois dos quatro portugueses que estavam desaparecidos depois do naufr\u00e1gio de uma embarca\u00e7\u00e3o ao&hellip;\n","protected":false},"author":2,"featured_media":484255,"comment_status":"","ping_status":"","sticky":false,"template":"","format":"standard","meta":{"footnotes":"","_share_on_mastodon":"0"},"categories":[8],"tags":[40067,27,28,9133,27443,6939,21158,15,16,14,25,26,21,22,639,12,13,19,20,32,23,24,33,17,18,29,30,31],"class_list":["post-484254","post","type-post","status-publish","format-standard","has-post-thumbnail","category-principais-noticias","tag-apreensao","tag-breaking-news","tag-breakingnews","tag-croacia","tag-desaparecida","tag-desaparecido","tag-desaparecimento","tag-featured-news","tag-featurednews","tag-headlines","tag-latest-news","tag-latestnews","tag-main-news","tag-mainnews","tag-ministerio-dos-negocios-estrangeiros","tag-news","tag-noticias","tag-noticias-principais","tag-noticiasprincipais","tag-portugal","tag-principais-noticias","tag-principaisnoticias","tag-pt","tag-top-stories","tag-topstories","tag-ultimas","tag-ultimas-noticias","tag-ultimasnoticias"],"share_on_mastodon":{"url":"https:\/\/pubeurope.com\/@pt\/117083882367915048","error":""},"_links":{"self":[{"href":"https:\/\/www.europesays.com\/pt\/wp-json\/wp\/v2\/posts\/484254","targetHints":{"allow":["GET"]}}],"collection":[{"href":"https:\/\/www.europesays.com\/pt\/wp-json\/wp\/v2\/posts"}],"about":[{"href":"https:\/\/www.europesays.com\/pt\/wp-json\/wp\/v2\/types\/post"}],"author":[{"embeddable":true,"href":"https:\/\/www.europesays.com\/pt\/wp-json\/wp\/v2\/users\/2"}],"replies":[{"embeddable":true,"href":"https:\/\/www.europesays.com\/pt\/wp-json\/wp\/v2\/comments?post=484254"}],"version-history":[{"count":0,"href":"https:\/\/www.europesays.com\/pt\/wp-json\/wp\/v2\/posts\/484254\/revisions"}],"wp:featuredmedia":[{"embeddable":true,"href":"https:\/\/www.europesays.com\/pt\/wp-json\/wp\/v2\/media\/484255"}],"wp:attachment":[{"href":"https:\/\/www.europesays.com\/pt\/wp-json\/wp\/v2\/media?parent=484254"}],"wp:term":[{"taxonomy":"category","embeddable":true,"href":"https:\/\/www.europesays.com\/pt\/wp-json\/wp\/v2\/categories?post=484254"},{"taxonomy":"post_tag","embeddable":true,"href":"https:\/\/www.europesays.com\/pt\/wp-json\/wp\/v2\/tags?post=484254"}],"curies":[{"name":"wp","href":"https:\/\/api.w.org\/{rel}","templated":true}]}}