{"id":484582,"date":"2026-08-13T00:22:42","date_gmt":"2026-08-13T00:22:42","guid":{"rendered":"https:\/\/www.europesays.com\/pt\/484582\/"},"modified":"2026-08-13T00:22:42","modified_gmt":"2026-08-13T00:22:42","slug":"o-look-de-ferias-de-carolina-pinto-esta-a-dar-que-falar-saiba-quanto-custa-o-vestido-big-brother-verao-2026-ultimas-noticias-videos-e-diretos","status":"publish","type":"post","link":"https:\/\/www.europesays.com\/pt\/484582\/","title":{"rendered":"O look de f\u00e9rias de Carolina Pinto est\u00e1 a dar que falar: saiba quanto custa o vestido &#8211; Big Brother Ver\u00e3o 2026: \u00daltimas Not\u00edcias, V\u00eddeos e Diretos"},"content":{"rendered":"<p><a href=\"https:\/\/tvi.iol.pt\/bigbrother\/carolina-pinto\/visual\/carolina-pinto-faz-mudanca-de-visual-mas-ha-uma-historia-marcante-por-tras-nunca-mais-me-vou-esquecer\" rel=\"nofollow noopener\" target=\"_blank\">Carolina Pinto<\/a> voltou a mostrar o seu lado mais ligado \u00e0 moda durante estes dias de descanso. De f\u00e9rias com os filhos e a m\u00e3e, mas tem mantido o destino em segredo, deixando apenas algumas pistas atrav\u00e9s dos registos que vai partilhando nas redes sociais.<\/p>\n<p>Foi precisamente num desses momentos que a influenciadora digital surgiu com uma proposta que &#8220;grita ver\u00e3o&#8221;. Carolina publicou um v\u00eddeo no qual aparece com um vestido da <a href=\"https:\/\/www.caio.pt\/\" rel=\"nofollow noopener\" target=\"_blank\"><strong>Caio Collection<\/strong><\/a>, apostando numa pe\u00e7a que combina diferentes tons e que se enquadra na perfei\u00e7\u00e3o no ambiente descontra\u00eddo desta \u00e9poca do ano.<\/p>\n<p>O modelo escolhido \u00e9 o <a href=\"https:\/\/www.caio.pt\/collections\/summer-2026\/products\/annie-multicolor-dress\" rel=\"nofollow noopener\" target=\"_blank\">Annie Orange Dress,<\/a> uma pe\u00e7a curta, de padr\u00e3o multicolorido e com uma presen\u00e7a bastante marcante. O vestido, dispon\u00edvel na cole\u00e7\u00e3o Summer 2026 da marca, destaca-se precisamente pela combina\u00e7\u00e3o de cores e pelo corte leve, pensado para criar um visual descontra\u00eddo, mas sem perder o lado elegante. A pe\u00e7a est\u00e1 dispon\u00edvel por 169 euros.<\/p>\n<p>Produzido em Portugal, o vestido faz parte de uma cole\u00e7\u00e3o que aposta em pe\u00e7as de inspira\u00e7\u00e3o feminina e irreverente. A <strong>Caio Collection<\/strong> revela ainda que os seus modelos s\u00e3o confecionados \u00e0 m\u00e3o em f\u00e1bricas portuguesas com experi\u00eancia no setor.<\/p>\n<p>Para Carolina Pinto, o modelo acabou por ser uma escolha particularmente adequada para os dias de calor. O padr\u00e3o colorido protagoniza e permite criar um look de f\u00e9rias sem necessidade de grandes acess\u00f3rios ou de uma produ\u00e7\u00e3o demasiado elaborada.<\/p>\n<p>Embora continue sem revelar onde est\u00e1 a passar estes dias de descanso, Carolina vai deixando pequenas imagens do seu ver\u00e3o e <a href=\"https:\/\/tvi.iol.pt\/bigbrother\/carolina-pinto\/marco-costa\/leve-e-fresco-o-vestido-de-verao-de-carolina-pinto-esta-a-encantar-a-internet-e-nos-sabemos-onde-pode-comprar\" rel=\"nofollow noopener\" target=\"_blank\">mostra alguns dos visuais escolhidos para a ocasi\u00e3o<\/a>. E este \u00faltimo registo rapidamente chamou a aten\u00e7\u00e3o para a pe\u00e7a escolhida.<\/p>\n<p>Conhecida tamb\u00e9m pela forma como partilha diferentes momentos da sua vida nas redes sociais, Carolina Pinto volta assim a provar que n\u00e3o \u00e9 preciso revelar o destino das f\u00e9rias para despertar a curiosidade dos seguidores. Desta vez, o vestido foi o verdadeiro protagonista.<\/p>\n<p>\u00a0<\/p>\n<blockquote class=\"instagram-media\" data-instgrm-captioned=\"\" data-instgrm-permalink=\"https:\/\/www.instagram.com\/reel\/Db7igGHI_8K\/?utm_source=ig_embed&amp;utm_campaign=loading\" data-instgrm-version=\"14\" style=\" background:#FFF; border:0; border-radius:3px; box-shadow:0 0 1px 0 rgba(0,0,0,0.5),0 1px 10px 0 rgba(0,0,0,0.15); margin: 1px; max-width:540px; min-width:326px; padding:0; width:99.375%; width:-webkit-calc(100% - 2px); width:calc(100% - 2px);\">\n<\/blockquote>\n<p>                        <script async src=\"\/\/www.instagram.com\/embed.js\"><\/script><\/p>\n","protected":false},"excerpt":{"rendered":"Carolina Pinto voltou a mostrar o seu lado mais ligado \u00e0 moda durante estes dias de descanso. De&hellip;\n","protected":false},"author":2,"featured_media":484583,"comment_status":"","ping_status":"","sticky":false,"template":"","format":"standard","meta":{"footnotes":"","_share_on_mastodon":"0"},"categories":[142],"tags":[331,48,4126,333,328,335,336,114,115,334,332,330,338,13,32,33,151,162,293,1367,227],"class_list":["post-484582","post","type-post","status-publish","format-standard","has-post-thumbnail","category-tv","tag-big","tag-big-brother","tag-carolina-pinto","tag-comentadores","tag-concorrentes","tag-confrontos","tag-discussoes","tag-entertainment","tag-entretenimento","tag-exclusivos","tag-expulso","tag-gala","tag-maria-botelho-moniz","tag-noticias","tag-portugal","tag-pt","tag-tv","tag-tvi","tag-verao","tag-vestido","tag-videos"],"share_on_mastodon":{"url":"https:\/\/pubeurope.com\/@pt\/117085349178212489","error":""},"_links":{"self":[{"href":"https:\/\/www.europesays.com\/pt\/wp-json\/wp\/v2\/posts\/484582","targetHints":{"allow":["GET"]}}],"collection":[{"href":"https:\/\/www.europesays.com\/pt\/wp-json\/wp\/v2\/posts"}],"about":[{"href":"https:\/\/www.europesays.com\/pt\/wp-json\/wp\/v2\/types\/post"}],"author":[{"embeddable":true,"href":"https:\/\/www.europesays.com\/pt\/wp-json\/wp\/v2\/users\/2"}],"replies":[{"embeddable":true,"href":"https:\/\/www.europesays.com\/pt\/wp-json\/wp\/v2\/comments?post=484582"}],"version-history":[{"count":0,"href":"https:\/\/www.europesays.com\/pt\/wp-json\/wp\/v2\/posts\/484582\/revisions"}],"wp:featuredmedia":[{"embeddable":true,"href":"https:\/\/www.europesays.com\/pt\/wp-json\/wp\/v2\/media\/484583"}],"wp:attachment":[{"href":"https:\/\/www.europesays.com\/pt\/wp-json\/wp\/v2\/media?parent=484582"}],"wp:term":[{"taxonomy":"category","embeddable":true,"href":"https:\/\/www.europesays.com\/pt\/wp-json\/wp\/v2\/categories?post=484582"},{"taxonomy":"post_tag","embeddable":true,"href":"https:\/\/www.europesays.com\/pt\/wp-json\/wp\/v2\/tags?post=484582"}],"curies":[{"name":"wp","href":"https:\/\/api.w.org\/{rel}","templated":true}]}}