{"id":48471,"date":"2025-08-28T10:31:08","date_gmt":"2025-08-28T10:31:08","guid":{"rendered":"https:\/\/www.europesays.com\/pt\/48471\/"},"modified":"2025-08-28T10:31:08","modified_gmt":"2025-08-28T10:31:08","slug":"a-melhor-de-todos-os-tempos-catarina-miranda-acredita-que-venceria-francisco-monteiro-bruno-savate-e-miguel-vicente-big-brother","status":"publish","type":"post","link":"https:\/\/www.europesays.com\/pt\/48471\/","title":{"rendered":"A melhor de todos os tempos? Catarina Miranda acredita que venceria Francisco Monteiro, Bruno Savate e Miguel Vicente &#8211; Big Brother"},"content":{"rendered":"<p style=\"margin-bottom:11px\">Catarina Miranda acredita ser a melhor concorrente de sempre de um reality show e faz quest\u00e3o de o \u2018gritar\u2019 ao mundo. A <a href=\"https:\/\/tvi.iol.pt\/bigbrother\/concorrente\/catarina-miranda\/68628b93d34e3f0bae9ff0cb\" rel=\"nofollow noopener\" target=\"_blank\">concorrente<\/a> do Big Brother Ver\u00e3o, de 26 anos, afirmou estar muito confiante que caso um dia se cruzasse num reality show com <strong>Miguel Vicente<\/strong>, <strong>Francisco Monteiro<\/strong> e <strong>Bruno Savate<\/strong>, sairia vencedora \u00e0 frente de todos.<\/p>\n<p>\u00abEu queria c\u00e1 ver algumas pessoas aqui dentro, comigo. Quero-vos ver c\u00e1 dentro no pr\u00f3ximo, eu estou c\u00e1!\u00bb, declarou a ribatejana.<\/p>\n<p>\u00abE se fossem os quatro a nomea\u00e7\u00f5es, como \u00e9 que achas que ia ficar?\u00bb, questionou Afonso. Catarina Miranda tem as pr\u00f3prias certezas. Sairia vencedora e tem uma justifica\u00e7\u00e3o: \u00abEu sou todos eles num\u00bb.<\/p>\n<p>\u00abEu n\u00e3o tenho d\u00favidas, eu era salva bem-primeiro. Ah, n\u00e3o tenho d\u00favidas sequer, porque eu fiquei com muitos apoiantes do Miguel, quando entrei, e do Francisco, muitos mesmo (\u2026) Porque \u00e9 que eu sou a melhor?\u00a0Porque eu sou todos eles num.\u00bb \u00a0<\/p>\n<p>Este \u00e9 o maior sonho de Catarina Miranda dentro de um reality show <\/p>\n<p style=\"margin-bottom:11px\">Boicotar uma prova semanal. Este \u00e9 o maior sonho de <a href=\"https:\/\/tvi.iol.pt\/bigbrother\/concorrente\/catarina-miranda\/68628b93d34e3f0bae9ff0cb\" rel=\"nofollow noopener\" target=\"_blank\">Catarina Miranda <\/a>dentro de um reality show e poder\u00e1 estar prestes a ser concretizado. A concorrente desvendou o seu maior objetivo dentro da casa mais vigiada do Pa\u00eds, durante o Especial com Maria Botelho Moniz.<\/p>\n<p>A apresentadora come\u00e7ou por questionar a concorrente de Almeirim se ela e o aliado Afonso estavam a ser boicotados. \u00abPor acaso, nunca boicotei nenhuma prova, mas era uma coisa que eu gostava de fazer antes de me despedir dos reality shows\u00bb, declarou Catarina Miranda, de 26 anos.<\/p>\n<p>\u00abMas era um grande sonho meu boicotar uma prova. H\u00e1 tempos que eu acho que ia ser muito divertido.\u00a0Ainda nunca o fiz, mas por acaso foi algo que eu disse ao in\u00edcio do programa.\u00a0Era uma coisa que eu gostava mesmo, porque eu acho que este vai ser o meu \u00faltimo reality show\u00bb, frisou.<\/p>\n<p>Av\u00f3 de Catarina Miranda j\u00e1 deu muito que falar\u00a0 <\/p>\n<p style=\"margin-bottom:11px\">Ainda se lembra de quando a av\u00f3 de Catarina Miranda se exaltou em direto, durante uma gala do Big Brother, e<a href=\"https:\/\/tviplayer.iol.pt\/programa\/big-brother\/5eb3f47e0cf2a58834209072\/video\/66414e940cf2cd207b7b064e\" rel=\"nofollow noopener\" target=\"_blank\"> quase foi expulsa do est\u00fadio por Cl\u00e1udio Ramos<\/a>. O momento deu muito que falar.<\/p>\n<p>Tudo aconteceu em maio de 2024, depois de<strong> Francisco Monteiro<\/strong> \u2013 que era na altura comentador oficial das galas ao lado de <strong>M\u00e1rcia Soares &#8211;\u00a0<\/strong>\u00a0dar a sua opini\u00e3o sobre Catarina Miranda.<\/p>\n<p><strong>Maria do Ros\u00e1rio<\/strong> ficou indignada e desatou a gritar em est\u00fadio. Cl\u00e1udio Ramos tentou dar-lhe um microfone e amea\u00e7ou expuls\u00e1-la. \u00abOu me respeita a mim, ou sai por aquela porta fora\u00bb, disse Cl\u00e1udio ramos, enquanto Maria do Ros\u00e1rio gritava: \u00abN\u00e3o h\u00e1 imparcialidade!\u00bb.<\/p>\n<p><strong>Recorde o momento que tanto deu que falar<\/strong><\/p>\n<p>Percorra a galeria de fotografias que prepar\u00e1mos para si e recorde a familiar de Catarina Miranda.\u00a0<\/p>\n<p><strong>VEJA TAMB\u00c9M:\u00a0<\/strong><a href=\"https:\/\/tvi.iol.pt\/bigbrother\/nomeados\/25-08-2025\/o-cerco-esta-a-apertar-este-e-o-novo-leque-de-nomeados-do-big-brother-verao\" rel=\"nofollow noopener\" target=\"_blank\">O cerco est\u00e1 a apertar. Este \u00e9 o novo leque de nomeados do Big Brother Ver\u00e3o<\/a><\/p>\n","protected":false},"excerpt":{"rendered":"Catarina Miranda acredita ser a melhor concorrente de sempre de um reality show e faz quest\u00e3o de o&hellip;\n","protected":false},"author":2,"featured_media":48472,"comment_status":"","ping_status":"","sticky":false,"template":"","format":"standard","meta":{"footnotes":""},"categories":[142],"tags":[331,48,1253,342,329,333,328,335,336,114,115,334,332,2071,330,9102,13,32,33,151,162,227],"class_list":{"0":"post-48471","1":"post","2":"type-post","3":"status-publish","4":"format-standard","5":"has-post-thumbnail","7":"category-tv","8":"tag-big","9":"tag-big-brother","10":"tag-bruno-savate","11":"tag-catarina-miranda","12":"tag-claudio-ramos","13":"tag-comentadores","14":"tag-concorrentes","15":"tag-confrontos","16":"tag-discussoes","17":"tag-entertainment","18":"tag-entretenimento","19":"tag-exclusivos","20":"tag-expulso","21":"tag-francisco-monteiro","22":"tag-gala","23":"tag-miguel-vicente","24":"tag-noticias","25":"tag-portugal","26":"tag-pt","27":"tag-tv","28":"tag-tvi","29":"tag-videos"},"share_on_mastodon":{"url":"","error":""},"_links":{"self":[{"href":"https:\/\/www.europesays.com\/pt\/wp-json\/wp\/v2\/posts\/48471","targetHints":{"allow":["GET"]}}],"collection":[{"href":"https:\/\/www.europesays.com\/pt\/wp-json\/wp\/v2\/posts"}],"about":[{"href":"https:\/\/www.europesays.com\/pt\/wp-json\/wp\/v2\/types\/post"}],"author":[{"embeddable":true,"href":"https:\/\/www.europesays.com\/pt\/wp-json\/wp\/v2\/users\/2"}],"replies":[{"embeddable":true,"href":"https:\/\/www.europesays.com\/pt\/wp-json\/wp\/v2\/comments?post=48471"}],"version-history":[{"count":0,"href":"https:\/\/www.europesays.com\/pt\/wp-json\/wp\/v2\/posts\/48471\/revisions"}],"wp:featuredmedia":[{"embeddable":true,"href":"https:\/\/www.europesays.com\/pt\/wp-json\/wp\/v2\/media\/48472"}],"wp:attachment":[{"href":"https:\/\/www.europesays.com\/pt\/wp-json\/wp\/v2\/media?parent=48471"}],"wp:term":[{"taxonomy":"category","embeddable":true,"href":"https:\/\/www.europesays.com\/pt\/wp-json\/wp\/v2\/categories?post=48471"},{"taxonomy":"post_tag","embeddable":true,"href":"https:\/\/www.europesays.com\/pt\/wp-json\/wp\/v2\/tags?post=48471"}],"curies":[{"name":"wp","href":"https:\/\/api.w.org\/{rel}","templated":true}]}}