{"id":48492,"date":"2025-08-28T10:51:08","date_gmt":"2025-08-28T10:51:08","guid":{"rendered":"https:\/\/www.europesays.com\/pt\/48492\/"},"modified":"2025-08-28T10:51:08","modified_gmt":"2025-08-28T10:51:08","slug":"que-novidades-trara-a-samsung","status":"publish","type":"post","link":"https:\/\/www.europesays.com\/pt\/48492\/","title":{"rendered":"que novidades trar\u00e1 a Samsung?"},"content":{"rendered":"<p>O pr\u00f3ximo evento para apresenta\u00e7\u00e3o das novidades da Samsung est\u00e1 marcado para o dia 4 de setembro. O Galaxy Unpacked acontecer\u00e1 pouco antes da confer\u00eancia IFA 2025, onde os visitantes podem ver de muito perto as inova\u00e7\u00f5es mais recentes em termos de tecnologia de consumo.<\/p>\n<p><a target=\"_blank\" href=\"https:\/\/www.europesays.com\/pt\/wp-content\/uploads\/2025\/08\/galaxy_unpacked_setembro_2025.jpg\" onclick=\"refreshIframe()\" class=\"foobox\"><img fetchpriority=\"high\" decoding=\"async\" src=\"https:\/\/www.europesays.com\/pt\/wp-content\/uploads\/2025\/08\/galaxy_unpacked_setembro_2025.jpg\" alt=\"\" width=\"720\" height=\"404\" class=\"aligncenter size-full wp-image-1075660\"  \/><\/a>\n<\/p>\n<p>Na pr\u00f3xima semana, a Samsung dever\u00e1 revelar novos telem\u00f3veis e dispositivos para a sua linha Galaxy durante um <a target=\"_blank\" href=\"https:\/\/news.samsung.com\/us\/invitation-samsung-galaxy-event-introducing-galaxy-ai-experience-our-latest-mobile-innovations\/\" rel=\"nofollow noopener\">evento virtual marcado<\/a> para as 10h30 de Portugal Continental.<\/p>\n<p>O an\u00fancio da data faz refer\u00eancia a um novo Galaxy Tab, mas n\u00e3o oferece pormenores, nomeadamente em termos de funcionalidades.<\/p>\n<p>Embora n\u00e3o seja claro, a <a target=\"_blank\" href=\"https:\/\/pplware.sapo.pt\/tag\/samsung\/\" rel=\"nofollow noopener\">Samsung<\/a> costuma anunciar novos dispositivos FE no outono, pelo que \u00e9 poss\u00edvel que entregue um telem\u00f3vel Galaxy S25 FE ou um tablet FE durante o evento da pr\u00f3xima semana.<\/p>\n<p>Conheceremos o tridobr\u00e1vel da Samsung?<\/p>\n<p>A not\u00edcia sobre o evento surge na sequ\u00eancia do recente an\u00fancio dos Galaxy Buds 3 FE, uma alternativa mais econ\u00f3mica aos Galaxy Buds 3 Pro da empresa.<\/p>\n<p>A par destes gadgets, \u00e9 ainda poss\u00edvel que a marca apresente um modelo de smartphone tridobr\u00e1vel, sobre o qual j\u00e1 falou, no in\u00edcio deste m\u00eas, numa teleconfer\u00eancia sobre resultados.<\/p>\n<p>\u00a0<\/p>\n<p><strong>Leia tamb\u00e9m:<\/strong><\/p>\n","protected":false},"excerpt":{"rendered":"O pr\u00f3ximo evento para apresenta\u00e7\u00e3o das novidades da Samsung est\u00e1 marcado para o dia 4 de setembro. O&hellip;\n","protected":false},"author":2,"featured_media":48493,"comment_status":"","ping_status":"","sticky":false,"template":"","format":"standard","meta":{"footnotes":""},"categories":[84],"tags":[109,107,108,14395,32,33,952,105,103,104,106,110],"class_list":{"0":"post-48492","1":"post","2":"type-post","3":"status-publish","4":"format-standard","5":"has-post-thumbnail","7":"category-ciencia-e-tecnologia","8":"tag-ciencia","9":"tag-ciencia-e-tecnologia","10":"tag-cienciaetecnologia","11":"tag-galaxy-unpacked","12":"tag-portugal","13":"tag-pt","14":"tag-samsung","15":"tag-science","16":"tag-science-and-technology","17":"tag-scienceandtechnology","18":"tag-technology","19":"tag-tecnologia"},"share_on_mastodon":{"url":"","error":""},"_links":{"self":[{"href":"https:\/\/www.europesays.com\/pt\/wp-json\/wp\/v2\/posts\/48492","targetHints":{"allow":["GET"]}}],"collection":[{"href":"https:\/\/www.europesays.com\/pt\/wp-json\/wp\/v2\/posts"}],"about":[{"href":"https:\/\/www.europesays.com\/pt\/wp-json\/wp\/v2\/types\/post"}],"author":[{"embeddable":true,"href":"https:\/\/www.europesays.com\/pt\/wp-json\/wp\/v2\/users\/2"}],"replies":[{"embeddable":true,"href":"https:\/\/www.europesays.com\/pt\/wp-json\/wp\/v2\/comments?post=48492"}],"version-history":[{"count":0,"href":"https:\/\/www.europesays.com\/pt\/wp-json\/wp\/v2\/posts\/48492\/revisions"}],"wp:featuredmedia":[{"embeddable":true,"href":"https:\/\/www.europesays.com\/pt\/wp-json\/wp\/v2\/media\/48493"}],"wp:attachment":[{"href":"https:\/\/www.europesays.com\/pt\/wp-json\/wp\/v2\/media?parent=48492"}],"wp:term":[{"taxonomy":"category","embeddable":true,"href":"https:\/\/www.europesays.com\/pt\/wp-json\/wp\/v2\/categories?post=48492"},{"taxonomy":"post_tag","embeddable":true,"href":"https:\/\/www.europesays.com\/pt\/wp-json\/wp\/v2\/tags?post=48492"}],"curies":[{"name":"wp","href":"https:\/\/api.w.org\/{rel}","templated":true}]}}