{"id":484961,"date":"2026-08-13T09:44:14","date_gmt":"2026-08-13T09:44:14","guid":{"rendered":"https:\/\/www.europesays.com\/pt\/484961\/"},"modified":"2026-08-13T09:44:14","modified_gmt":"2026-08-13T09:44:14","slug":"mercenario-leonardo-jardim-recebido-com-insultos-no-cruzeiro-flamengo","status":"publish","type":"post","link":"https:\/\/www.europesays.com\/pt\/484961\/","title":{"rendered":"\u00abMercen\u00e1rio\u00bb: Leonardo Jardim recebido com insultos no Cruzeiro-Flamengo"},"content":{"rendered":"<p>O ambiente da primeira m\u00e3o dos oitavos de final da Ta\u00e7a Libertadores entre Cruzeiro-Flamengo da madrugada desta quinta-feira foi tenso. Naturalmente, um duelo entre clubes brasileiros numa competi\u00e7\u00e3o a eliminar j\u00e1 traz essa tens\u00e3o &#8211; por\u00e9m, neste caso, o regresso de Leonardo Jardim a Belo Horizonte ainda acrescentou mais &#8216;pimenta&#8217; \u00e0 situa\u00e7\u00e3o.<\/p>\n<p>O antigo treinador do Cruzeiro, que tinha deslumbrado os adeptos e prometido defender apenas esse clube no Brasil, voltou ao Mineir\u00e3o na condi\u00e7\u00e3o de treinador do Flamengo. Por isso, viu adeptos do Cruzeiro a exibirem-lhe notas com a sua cara e a inscri\u00e7\u00e3o \u00abfalso\u00bb e insultos como \u00abmercen\u00e1rio\u00bb.\u00a0<\/p>\n<p>\u00abEu tenho um carinho especial por essa massa adepta. Mas, pena minha, que houve pessoas que criaram um \u00f3dio muito grande. Criaram um \u00f3dio em rela\u00e7\u00e3o \u00e0 minha pessoa, porque \u00e9 mais f\u00e1cil, na vida, a gente esconder-se do que encarar a verdade. Mas eu estou muito tranquilo comigo mesmo. E acho que os adeptos fizeram o papel deles. Agora eu quero falar dos nossos adeptos que vieram aqui, gritaram, apoiaram a equipa. E isso, para mim, \u00e9 o que h\u00e1 de se destacar. E que, no Maracan\u00e3, tenhamos o apoio de todos\u00bb, disse Jardim depois do jogo.<\/p>\n<p>Dentro de campo, o equatoriano inaugurou o marcador apenas aos 53 minutos e adiantou a equipa da casa, orientada por Artur Jorge, com um remate espetacular. Lucas Paquet\u00e1 empatou aos 67 minutos e estabeleceu um resultado que deixa tudo em aberto para a segunda m\u00e3o, no Maracan\u00e3, na pr\u00f3xima madrugada de quinta-feira.\u00a0<\/p>\n","protected":false},"excerpt":{"rendered":"O ambiente da primeira m\u00e3o dos oitavos de final da Ta\u00e7a Libertadores entre Cruzeiro-Flamengo da madrugada desta quinta-feira&hellip;\n","protected":false},"author":2,"featured_media":484962,"comment_status":"","ping_status":"","sticky":false,"template":"","format":"standard","meta":{"footnotes":"","_share_on_mastodon":"0"},"categories":[87],"tags":[38332,6034,135,2460,5433,13424,24024,6525,46,32,33,47,5920,134,30281],"class_list":["post-484961","post","type-post","status-publish","format-standard","has-post-thumbnail","category-desporto","tag-artur-jorge","tag-cruzeiro","tag-desporto","tag-flamengo","tag-jogos-hoje","tag-jogos-maisfutebol","tag-leonardo-jardim","tag-libertadores","tag-maisfutebol","tag-portugal","tag-pt","tag-pura-paixao","tag-resultados-maisfutebol","tag-sports","tag-taca-libertadores"],"share_on_mastodon":{"url":"https:\/\/pubeurope.com\/@pt\/117087559051162296","error":""},"_links":{"self":[{"href":"https:\/\/www.europesays.com\/pt\/wp-json\/wp\/v2\/posts\/484961","targetHints":{"allow":["GET"]}}],"collection":[{"href":"https:\/\/www.europesays.com\/pt\/wp-json\/wp\/v2\/posts"}],"about":[{"href":"https:\/\/www.europesays.com\/pt\/wp-json\/wp\/v2\/types\/post"}],"author":[{"embeddable":true,"href":"https:\/\/www.europesays.com\/pt\/wp-json\/wp\/v2\/users\/2"}],"replies":[{"embeddable":true,"href":"https:\/\/www.europesays.com\/pt\/wp-json\/wp\/v2\/comments?post=484961"}],"version-history":[{"count":0,"href":"https:\/\/www.europesays.com\/pt\/wp-json\/wp\/v2\/posts\/484961\/revisions"}],"wp:featuredmedia":[{"embeddable":true,"href":"https:\/\/www.europesays.com\/pt\/wp-json\/wp\/v2\/media\/484962"}],"wp:attachment":[{"href":"https:\/\/www.europesays.com\/pt\/wp-json\/wp\/v2\/media?parent=484961"}],"wp:term":[{"taxonomy":"category","embeddable":true,"href":"https:\/\/www.europesays.com\/pt\/wp-json\/wp\/v2\/categories?post=484961"},{"taxonomy":"post_tag","embeddable":true,"href":"https:\/\/www.europesays.com\/pt\/wp-json\/wp\/v2\/tags?post=484961"}],"curies":[{"name":"wp","href":"https:\/\/api.w.org\/{rel}","templated":true}]}}