{"id":485041,"date":"2026-08-13T11:02:31","date_gmt":"2026-08-13T11:02:31","guid":{"rendered":"https:\/\/www.europesays.com\/pt\/485041\/"},"modified":"2026-08-13T11:02:31","modified_gmt":"2026-08-13T11:02:31","slug":"imagens-ineditas-do-sol-revelam-pistas-sobre-um-de-seus-maiores-misterios","status":"publish","type":"post","link":"https:\/\/www.europesays.com\/pt\/485041\/","title":{"rendered":"Imagens in\u00e9ditas do Sol revelam pistas sobre um de seus maiores mist\u00e9rios"},"content":{"rendered":"<p> <img decoding=\"async\" fetchpriority=\"high\" src=\"https:\/\/www.europesays.com\/pt\/wp-content\/uploads\/2026\/08\/imagens-ineditas-do-sol-revelam-pistas-sobre-um-de-seus-maiores-misterios-1786567068035_1024.jpg\"  width=\"768\" height=\"432\" alt=\"Imagem da superf\u00edcie do Sol, captada pelo Telesc\u00f3pio Solar Inouye, revela sinais do que os cientistas chamam de instabilidades de Kelvin-Helmholtz. Cr\u00e9dito: NSF\/NSO\/Aura\/MPS.\" title=\"Imagem da superf\u00edcie do Sol, captada pelo Telesc\u00f3pio Solar Inouye, revela sinais do que os cientistas chamam de instabilidades de Kelvin-Helmholtz. Fotografia: NSF\/NSO\/Aura\/MPS.\" data-image=\"xq4u8g7thxpe\"\/>Imagem da superf\u00edcie do Sol, captada pelo Telesc\u00f3pio Solar Inouye, revela sinais do que os cientistas chamam de instabilidades de Kelvin-Helmholtz. Cr\u00e9dito: NSF\/NSO\/Aura\/MPS.   <img decoding=\"async\" fetchpriority=\"high\" src=\"https:\/\/www.europesays.com\/pt\/wp-content\/uploads\/2026\/08\/joao-cunha.jpg\" alt=\"Jo\u00e3o Cunha\" width=\"40\" height=\"40\"\/>    <a class=\"nombre text-hv\" href=\"https:\/\/www.tempo.com\/autor\/joao-cunha\/\" title=\"Jo\u00e3o Cunha\" data-mrf-recirculation=\"pre_article_author\" rel=\"nofollow noopener\" target=\"_blank\">Jo\u00e3o Cunha<\/a>      13\/08\/2026 07:03   5 min    <\/p>\n<p>Astr\u00f4nomos captaram as<strong> imagens mais detalhadas j\u00e1 obtidas da superf\u00edcie do Sol<\/strong>, revelando pequenos redemoinhos e faixas douradas que podem oferecer pistas importantes sobre um dos mist\u00e9rios mais antigos da f\u00edsica solar: por que a atmosfera externa do Sol, ou coroa, \u00e9 muito mais quente que sua superf\u00edcie vis\u00edvel.<\/p>\n<p>As observa\u00e7\u00f5es foram realizadas com o <strong>Telesc\u00f3pio Solar Inouye, no Hava\u00ed, considerado o mais potente telesc\u00f3pio solar do mundo<\/strong>. Os pesquisadores identificaram estruturas com menos de 20 quil\u00f4metros de extens\u00e3o em uma regi\u00e3o magneticamente ativa pr\u00f3xima a uma mancha solar, alcan\u00e7ando o limite m\u00e1ximo de resolu\u00e7\u00e3o do equipamento.<\/p>\n<p>Segundo os cientistas envolvidos na pesquisa, as imagens oferecem <strong>uma vis\u00e3o sem precedentes dos movimentos turbulentos do plasma na superf\u00edcie solar<\/strong>. Os resultados, publicados na revista Nature, podem ajudar a explicar como a energia \u00e9 transferida pela atmosfera do Sol e, posteriormente, convertida em calor.<\/p>\n<p>Redemoinhos podem impulsionar a transfer\u00eancia de energia<\/p>\n<p>Entre as estruturas mais impressionantes est\u00e3o pequenos elementos em formato de espiral, identificados como sinais das chamadas instabilidades de <strong>Kelvin-Helmholtz<\/strong>. Elas ocorrem quando duas camadas de fluido ou plasma se movimentam em velocidades diferentes, gerando uma esp\u00e9cie de cisalhamento que pode evoluir para perturba\u00e7\u00f5es e redemoinhos.<\/p>\n<p>Instabilidades semelhantes j\u00e1 foram observadas nos oceanos, lagos e nuvens da Terra, al\u00e9m das atmosferas de planetas como J\u00fapiter e Saturno. Sua aparente identifica\u00e7\u00e3o no Sol oferece aos cientistas uma nova possibilidade para compreender como a energia se movimenta por seu plasma extremamente quente e eletricamente carregado.<\/p>\n<p>As novas imagens superam observa\u00e7\u00f5es anteriores feitas pelo telesc\u00f3pio Inouye, que mostraram a superf\u00edcie solar como um <strong>mosaico de estruturas granulares aproximadamente do tamanho da Fran\u00e7a<\/strong>. Naquelas imagens, era poss\u00edvel identificar detalhes de cerca de 30 quil\u00f4metros, enquanto as novas observa\u00e7\u00f5es revelam estruturas com menos de 20 quil\u00f4metros.<\/p>\n<p>Uma poss\u00edvel explica\u00e7\u00e3o para o calor extremo da coroa<\/p>\n<p>A descoberta pode te<strong>r implica\u00e7\u00f5es que v\u00e3o al\u00e9m da compreens\u00e3o da superf\u00edcie solar.<\/strong> Os poderosos campos magn\u00e9ticos do Sol est\u00e3o por tr\u00e1s de fen\u00f4menos explosivos, como erup\u00e7\u00f5es solares, jatos e eje\u00e7\u00f5es de massa coronal, capazes de provocar impactos em sat\u00e9lites, sistemas de GPS, redes de comunica\u00e7\u00e3o e infraestrutura el\u00e9trica na Terra.<\/p>\n<p><a class=\"imagen \" href=\"https:\/\/www.tempo.com\/noticias\/ciencia\/astronomos-alertam-o-espaco-esta-se-esgotando-milhoes-de-satelites-ameacam-apagar-as-estrelas.html\" title=\"Astr\u00f4nomos alertam: &#039;O espa\u00e7o est\u00e1 se esgotando, milh\u00f5es de sat\u00e9lites amea\u00e7am apagar as estrelas&#039;\" rel=\"nofollow noopener\" target=\"_blank\"><img decoding=\"async\" fetchpriority=\"low\" class=\"lazy img-body non-editable\" src=\"https:\/\/www.europesays.com\/pt\/wp-content\/uploads\/2026\/08\/1786618951_348_los-astronomos-advierten-el-espacio-se-queda-sin-espacio-millones-de-satelites-amenazan-con-apagar-l.jpeg\"  width=\"320\" height=\"225\"\/><\/a><\/p>\n<p>Os cientistas sabem que os <strong>campos magn\u00e9ticos do Sol s\u00e3o gerados pelo movimento de seu plasma quente<\/strong>. As linhas do campo magn\u00e9tico podem se torcer e se entrela\u00e7ar, acumulando enormes quantidades de energia antes de liber\u00e1-la repentinamente. No entanto, os pesquisadores ainda n\u00e3o compreendem completamente como esses processos come\u00e7am e como a energia \u00e9 transferida para escalas cada vez menores.<\/p>\n<p>Imagens revelam estruturas nunca antes observadas<\/p>\n<p>Os redemoinhos observados agora podem oferecer parte dessa resposta. Ao gerar turbul\u00eancia e transferir energia por estruturas progressivamente menores, <strong>as instabilidades de Kelvin-Helmholtz podem ajudar a explicar como essa energia finalmente se dissipa na forma de calor<\/strong>, contribuindo para as temperaturas extraordin\u00e1rias da coroa.<\/p>\n<p><img decoding=\"async\" fetchpriority=\"low\" class=\"lazy \" src=\"https:\/\/www.europesays.com\/pt\/wp-content\/uploads\/2026\/08\/imagens-ineditas-do-sol-revelam-pistas-sobre-um-de-seus-maiores-misterios-1786567183199_1024.jpg\"  width=\"768\" height=\"432\" alt=\"Imagens da superf\u00edcie do Sol captadas no in\u00edcio de 2020. Cr\u00e9dito: NSO\/Aura\/NSF\" title=\"Imagens da superf\u00edcie do Sol captadas no in\u00edcio de 2020. **Fotografia: NSO\/Aura\/NSF**.\" data-image=\"mub02mhd0tme\"\/>Imagens da superf\u00edcie do Sol captadas no in\u00edcio de 2020. Cr\u00e9dito: NSO\/Aura\/NSF<\/p>\n<p>A <strong>superf\u00edcie vis\u00edvel do Sol tem cerca de 6.000\u00b0C<\/strong>, enquanto sua coroa pode atingir v\u00e1rios milh\u00f5es de graus. Essa diferen\u00e7a aparentemente contraintuitiva de temperatura intriga os astr\u00f4nomos h\u00e1 d\u00e9cadas. Os pesquisadores ressaltam que ser\u00e3o necess\u00e1rias novas observa\u00e7\u00f5es e simula\u00e7\u00f5es para determinar se as instabilidades rec\u00e9m-identificadas podem explicar completamente o fen\u00f4meno.<\/p>\n<p>Ainda assim, as imagens representam um <strong>avan\u00e7o significativo<\/strong> na capacidade de observar a din\u00e2mica em pequena escala da estrela mais pr\u00f3xima da Terra. Ao revelar estruturas que antes permaneciam ocultas, o Telesc\u00f3pio Solar Inouye oferece aos cientistas uma vis\u00e3o mais detalhada dos processos f\u00edsicos que governam o Sol e, em \u00faltima inst\u00e2ncia, o ambiente espacial que envolve nosso planeta.<\/p>\n<p>Refer\u00eancia da not\u00edcia<\/p>\n<p class=\"article-reference__body\">Nature. (2026). <a href=\"https:\/\/www.nature.com\/articles\/s41586-026-10871-3\" target=\"_blank\" data-mrf-recirculation=\"end_article_citation\" rel=\"nofollow noopener\">Ubiquitous Kelvin\u2013Helmholtz instabilities driving plasma mixing on the Sun<\/a>.<\/p>\n","protected":false},"excerpt":{"rendered":"Imagem da superf\u00edcie do Sol, captada pelo Telesc\u00f3pio Solar Inouye, revela sinais do que os cientistas chamam de&hellip;\n","protected":false},"author":2,"featured_media":485042,"comment_status":"","ping_status":"","sticky":false,"template":"","format":"standard","meta":{"footnotes":"","_share_on_mastodon":"0"},"categories":[84],"tags":[109,107,108,1008,32,33,105,103,104,2836,106,110],"class_list":["post-485041","post","type-post","status-publish","format-standard","has-post-thumbnail","category-ciencia-e-tecnologia","tag-ciencia","tag-ciencia-e-tecnologia","tag-cienciaetecnologia","tag-espaco","tag-portugal","tag-pt","tag-science","tag-science-and-technology","tag-scienceandtechnology","tag-sol","tag-technology","tag-tecnologia"],"share_on_mastodon":{"url":"https:\/\/pubeurope.com\/@pt\/117087866621292906","error":""},"_links":{"self":[{"href":"https:\/\/www.europesays.com\/pt\/wp-json\/wp\/v2\/posts\/485041","targetHints":{"allow":["GET"]}}],"collection":[{"href":"https:\/\/www.europesays.com\/pt\/wp-json\/wp\/v2\/posts"}],"about":[{"href":"https:\/\/www.europesays.com\/pt\/wp-json\/wp\/v2\/types\/post"}],"author":[{"embeddable":true,"href":"https:\/\/www.europesays.com\/pt\/wp-json\/wp\/v2\/users\/2"}],"replies":[{"embeddable":true,"href":"https:\/\/www.europesays.com\/pt\/wp-json\/wp\/v2\/comments?post=485041"}],"version-history":[{"count":0,"href":"https:\/\/www.europesays.com\/pt\/wp-json\/wp\/v2\/posts\/485041\/revisions"}],"wp:featuredmedia":[{"embeddable":true,"href":"https:\/\/www.europesays.com\/pt\/wp-json\/wp\/v2\/media\/485042"}],"wp:attachment":[{"href":"https:\/\/www.europesays.com\/pt\/wp-json\/wp\/v2\/media?parent=485041"}],"wp:term":[{"taxonomy":"category","embeddable":true,"href":"https:\/\/www.europesays.com\/pt\/wp-json\/wp\/v2\/categories?post=485041"},{"taxonomy":"post_tag","embeddable":true,"href":"https:\/\/www.europesays.com\/pt\/wp-json\/wp\/v2\/tags?post=485041"}],"curies":[{"name":"wp","href":"https:\/\/api.w.org\/{rel}","templated":true}]}}