{"id":485285,"date":"2026-08-13T14:49:13","date_gmt":"2026-08-13T14:49:13","guid":{"rendered":"https:\/\/www.europesays.com\/pt\/485285\/"},"modified":"2026-08-13T14:49:13","modified_gmt":"2026-08-13T14:49:13","slug":"por-dentro-do-novo-iate-de-neymar-jr-bruna-biancardi-mostra-detalhes-da-embarcacao-luxuosa-2","status":"publish","type":"post","link":"https:\/\/www.europesays.com\/pt\/485285\/","title":{"rendered":"Por dentro do novo iate de Neymar Jr.: Bruna Biancardi mostra detalhes da embarca\u00e7\u00e3o luxuosa"},"content":{"rendered":"<p>\n                        Avaliada em R$ 120 milh\u00f5es, embarca\u00e7\u00e3o tem 800 m\u00b2, tr\u00eas andares, seis su\u00edtes, piscina e heliponto\n                    <\/p>\n<p>\n                                    13 ago<br \/>\n                                    2026<br \/>\n                                     &#8211; 09h02\n                                <\/p>\n<p>\n                                                                                                                        (atualizado \u00e0s 09h18)\n                                                                            <\/p>\n<p class=\"text\">\n<p><img decoding=\"async\" alt=\"Bruna Biancardi mostrou detalhes do primeiro passeio em fam\u00edlia no novo iate de Neymar Jr.\" class=\"img-52c68c7cdae65fe71fa7068adcc28dac9dgznzws\" fetchpriority=\"high\" height=\"366\" src=\"https:\/\/www.europesays.com\/pt\/wp-content\/uploads\/2026\/08\/465273311-m6sprkaemjaw3arlj5qktartyy.jpeg\"  title=\"Bruna Biancardi mostrou detalhes do primeiro passeio em fam\u00edlia no novo iate de Neymar Jr.\" width=\"664\"\/><\/p>\n<p>Bruna Biancardi mostrou detalhes do primeiro passeio em fam\u00edlia no novo iate de Neymar Jr.<\/p>\n<p>Foto: Bruna Biancardi\/YouTube\/Reprodu\u00e7\u00e3o \/ Estad\u00e3o<\/p>\n<p class=\"text\">Nesta quarta, 12, <b>Bruna Biancardi<\/b> mostrou detalhes do novo iate de<b> <\/b><b>Neymar Jr.<\/b>, avaliado em R$ 120 milh\u00f5es. Em um vlog publicado no YouTube, a influenciadora registrou o primeiro passeio em fam\u00edlia na embarca\u00e7\u00e3o, batizada de Enejota em refer\u00eancia \u00e0 transcri\u00e7\u00e3o fon\u00e9tica das iniciais &#8220;NJ&#8221; (Neymar J\u00fanior).<\/p>\n<p class=\"text\">Com cerca de 800 m\u00b2 de \u00e1rea \u00fatil, o iate tem tr\u00eas andares e seis su\u00edtes. Um dos quartos exibidos por Bruna conta com closet, banheiro com acabamentos sofisticados, televis\u00e3o retr\u00e1til e janelas amplas com vista para o mar.<\/p>\n<p class=\"text\">A embarca\u00e7\u00e3o tem uma piscina espa\u00e7osa, \u00e1rea de lazer com espregui\u00e7adeiras e um heliponto. O iate \u00e9 equipado ainda com quatro motores.<\/p>\n<p class=\"text\">Durante o passeio, Bruna mostrou ambientes da embarca\u00e7\u00e3o e momentos ao lado da fam\u00edlia. Ela e Neymar s\u00e3o pais de Mavie, de dois anos, e Mel, de um ano. O casal espera ainda uma terceira menina, cujo nome n\u00e3o foi revelado.<\/p>\n<p class=\"text\">\n","protected":false},"excerpt":{"rendered":"Avaliada em R$ 120 milh\u00f5es, embarca\u00e7\u00e3o tem 800 m\u00b2, tr\u00eas andares, seis su\u00edtes, piscina e heliponto 13 ago&hellip;\n","protected":false},"author":2,"featured_media":485286,"comment_status":"","ping_status":"","sticky":false,"template":"","format":"standard","meta":{"footnotes":"","_share_on_mastodon":"0"},"categories":[145],"tags":[4290,211,210,114,115,1996,32,33],"class_list":["post-485285","post","type-post","status-publish","format-standard","has-post-thumbnail","category-celebridades","tag-bruna-biancardi","tag-celebridades","tag-celebrities","tag-entertainment","tag-entretenimento","tag-neymar","tag-portugal","tag-pt"],"share_on_mastodon":{"url":"https:\/\/pubeurope.com\/@pt\/117088758874480551","error":""},"_links":{"self":[{"href":"https:\/\/www.europesays.com\/pt\/wp-json\/wp\/v2\/posts\/485285","targetHints":{"allow":["GET"]}}],"collection":[{"href":"https:\/\/www.europesays.com\/pt\/wp-json\/wp\/v2\/posts"}],"about":[{"href":"https:\/\/www.europesays.com\/pt\/wp-json\/wp\/v2\/types\/post"}],"author":[{"embeddable":true,"href":"https:\/\/www.europesays.com\/pt\/wp-json\/wp\/v2\/users\/2"}],"replies":[{"embeddable":true,"href":"https:\/\/www.europesays.com\/pt\/wp-json\/wp\/v2\/comments?post=485285"}],"version-history":[{"count":0,"href":"https:\/\/www.europesays.com\/pt\/wp-json\/wp\/v2\/posts\/485285\/revisions"}],"wp:featuredmedia":[{"embeddable":true,"href":"https:\/\/www.europesays.com\/pt\/wp-json\/wp\/v2\/media\/485286"}],"wp:attachment":[{"href":"https:\/\/www.europesays.com\/pt\/wp-json\/wp\/v2\/media?parent=485285"}],"wp:term":[{"taxonomy":"category","embeddable":true,"href":"https:\/\/www.europesays.com\/pt\/wp-json\/wp\/v2\/categories?post=485285"},{"taxonomy":"post_tag","embeddable":true,"href":"https:\/\/www.europesays.com\/pt\/wp-json\/wp\/v2\/tags?post=485285"}],"curies":[{"name":"wp","href":"https:\/\/api.w.org\/{rel}","templated":true}]}}