{"id":485297,"date":"2026-08-13T15:06:15","date_gmt":"2026-08-13T15:06:15","guid":{"rendered":"https:\/\/www.europesays.com\/pt\/485297\/"},"modified":"2026-08-13T15:06:15","modified_gmt":"2026-08-13T15:06:15","slug":"tempos-de-espera-nas-urgencias-voltaram-a-crescer-e-ultrapassaram-as-11-horas","status":"publish","type":"post","link":"https:\/\/www.europesays.com\/pt\/485297\/","title":{"rendered":"Tempos de espera nas urg\u00eancias voltaram a crescer e ultrapassaram as 11 horas"},"content":{"rendered":"\n<p>&#13;<br \/>\nSegundo os dados dispon\u00edveis no<a href=\"https:\/\/tempos.min-saude.pt\/\" target=\"_blank\" rel=\"nofollow noopener\"> portal<\/a>, pelas 8h45, nas urg\u00eancias do Hospital Nossa Senhora do Ros\u00e1rio (Barreiro), os doentes estavam em m\u00e9dia mais de 11 horas para primeira observa\u00e7\u00e3o. &#13;\n<\/p>\n<p>&#13;<br \/>\n<b>Destes, os considerados urgentes (pulseira amarela) tinham de aguardar quase seis horas.<\/b>&#13;\n<\/p>\n<p>&#13;<br \/>\nJ\u00e1 no <b>Hospital de Santa Maria, em Lisboa, o tempo m\u00e9dio de espera para primeira observa\u00e7\u00e3o ultrapassava as sete horas ao in\u00edcio da manh\u00e3<\/b>. Os 17 doentes com pulseira amarela tinham de aguardar sete horas e dezanove minutos.&#13;\n<\/p>\n<p>&#13;<br \/>\n<b>Em Loures, no Hospital Beatriz \u00c2ngelo, o tempo m\u00e9dio de espera nas urg\u00eancias para doentes urgentes rondava as duas horas e meia.<br \/>\n          <img decoding=\"async\" itemprop=\"image\" class=\"img-fluid\"   src=\"https:\/\/www.europesays.com\/pt\/wp-content\/uploads\/2026\/08\/354c2be6e7aed30521e675d0e3923abe_N.jpg\"\/><\/p>\n<p><\/b>Jornal da Tarde | 13 de agosto de 2026&#13;\n<\/p>\n<p>&#13;<br \/>\nO <b>Hospital Amadora-Sintra continua sem dados dispon\u00edveis sobre os tempos de espera nas urg\u00eancias<\/b>, uma situa\u00e7\u00e3o que se mant\u00e9m h\u00e1 algum tempo e que \u00e9 justificada no portal do SNS com uma interven\u00e7\u00e3o nos sistemas de informa\u00e7\u00e3o.&#13;\n<\/p>\n<p>&#13;<br \/>\nEm <b>Almada, no Hospital Garcia de Orta, a espera m\u00e9dia para os doentes urgentes tamb\u00e9m ultrapassava as sete horas.<\/b> &#13;\n<\/p>\n<p>&#13;<br \/>\nNo sul do pa\u00eds, os tempos de espera nas urg\u00eancias tamb\u00e9m s\u00e3o elevados, com os <b>doentes em Portim\u00e3o a aguardarem, em m\u00e9dia, mais de quatro horas nas urg\u00eancias<\/b>. Os doentes urgentes esperavam quase tr\u00eas, acima dos 60 minutos recomendados.&#13;\n<\/p>\n<p>&#13;<br \/>\nSegundo o sistema de triagem, as situa\u00e7\u00f5es muito urgentes (pulseira laranja) t\u00eam um atendimento recomendado nos 10 minutos seguintes \u00e0 triagem, enquanto os casos urgentes (amarela) n\u00e3o deveriam aguardar mais de 60 minutos. J\u00e1 nos pouco urgentes (pulseira verde) o tempo recomendado \u00e9 de 120 minutos.&#13;\n<\/p>\n<p>&#13;<br \/>\nc\/ Lusa&#13;<\/p>\n","protected":false},"excerpt":{"rendered":"&#13; Segundo os dados dispon\u00edveis no portal, pelas 8h45, nas urg\u00eancias do Hospital Nossa Senhora do Ros\u00e1rio (Barreiro),&hellip;\n","protected":false},"author":2,"featured_media":485298,"comment_status":"","ping_status":"","sticky":false,"template":"","format":"standard","meta":{"footnotes":"","_share_on_mastodon":"0"},"categories":[10],"tags":[27,28,15,16,17774,14,2648,25,26,21,22,12,13,19,20,32,23,24,33,77645,17,18,29,30,31,6954],"class_list":["post-485297","post","type-post","status-publish","format-standard","has-post-thumbnail","category-portugal","tag-breaking-news","tag-breakingnews","tag-featured-news","tag-featurednews","tag-garcia","tag-headlines","tag-hospitais","tag-latest-news","tag-latestnews","tag-main-news","tag-mainnews","tag-news","tag-noticias","tag-noticias-principais","tag-noticiasprincipais","tag-portugal","tag-principais-noticias","tag-principaisnoticias","tag-pt","tag-senhora","tag-top-stories","tag-topstories","tag-ultimas","tag-ultimas-noticias","tag-ultimasnoticias","tag-urgencias"],"share_on_mastodon":{"url":"","error":""},"_links":{"self":[{"href":"https:\/\/www.europesays.com\/pt\/wp-json\/wp\/v2\/posts\/485297","targetHints":{"allow":["GET"]}}],"collection":[{"href":"https:\/\/www.europesays.com\/pt\/wp-json\/wp\/v2\/posts"}],"about":[{"href":"https:\/\/www.europesays.com\/pt\/wp-json\/wp\/v2\/types\/post"}],"author":[{"embeddable":true,"href":"https:\/\/www.europesays.com\/pt\/wp-json\/wp\/v2\/users\/2"}],"replies":[{"embeddable":true,"href":"https:\/\/www.europesays.com\/pt\/wp-json\/wp\/v2\/comments?post=485297"}],"version-history":[{"count":0,"href":"https:\/\/www.europesays.com\/pt\/wp-json\/wp\/v2\/posts\/485297\/revisions"}],"wp:featuredmedia":[{"embeddable":true,"href":"https:\/\/www.europesays.com\/pt\/wp-json\/wp\/v2\/media\/485298"}],"wp:attachment":[{"href":"https:\/\/www.europesays.com\/pt\/wp-json\/wp\/v2\/media?parent=485297"}],"wp:term":[{"taxonomy":"category","embeddable":true,"href":"https:\/\/www.europesays.com\/pt\/wp-json\/wp\/v2\/categories?post=485297"},{"taxonomy":"post_tag","embeddable":true,"href":"https:\/\/www.europesays.com\/pt\/wp-json\/wp\/v2\/tags?post=485297"}],"curies":[{"name":"wp","href":"https:\/\/api.w.org\/{rel}","templated":true}]}}