{"id":485338,"date":"2026-08-13T15:35:23","date_gmt":"2026-08-13T15:35:23","guid":{"rendered":"https:\/\/www.europesays.com\/pt\/485338\/"},"modified":"2026-08-13T15:35:23","modified_gmt":"2026-08-13T15:35:23","slug":"o-mirante-dois-homens-detidos-em-almeirim-por-tentativa-de-homicidio-apos-15-tiros-contra-casa-rival","status":"publish","type":"post","link":"https:\/\/www.europesays.com\/pt\/485338\/","title":{"rendered":"O MIRANTE | Dois homens detidos em Almeirim por tentativa de homic\u00eddio ap\u00f3s 15 tiros contra casa rival"},"content":{"rendered":"<p>     <img decoding=\"async\" src=\"https:\/\/www.europesays.com\/pt\/wp-content\/uploads\/2026\/08\/1786635323_584_mw-900.webp\" alt=\"Dois homens detidos em Almeirim por tentativa de homic\u00eddio ap\u00f3s 15 tiros contra casa rival\" title=\"Dois homens detidos em Almeirim por tentativa de homic\u00eddio ap\u00f3s 15 tiros contra casa rival\"\/>   <\/p>\n<p>Dois homens, de 30 e 39 anos, foram detidos em Almeirim pela Pol\u00edcia Judici\u00e1ria, suspeitos de terem disparado v\u00e1rias vezes contra uma habita\u00e7\u00e3o em Vendas Novas, no \u00e2mbito de desaven\u00e7as entre duas fam\u00edlias. Os tiros deixaram 15 perfura\u00e7\u00f5es na casa e alguns proj\u00e9cteis atravessaram o interior do im\u00f3vel.<\/p>\n<p>A Pol\u00edcia Judici\u00e1ria deteve em Almeirim dois homens, de 30 e 39 anos, suspeitos de terem disparado v\u00e1rias vezes contra uma habita\u00e7\u00e3o em Vendas Novas, no contexto de desaven\u00e7as entre duas fam\u00edlias. A fachada, porta e uma janela da casa ficaram com 15 perfura\u00e7\u00f5es provocadas pelos tiros. Os suspeitos foram detidos na manh\u00e3 de ter\u00e7a-feira, 11 de Agosto, em Almeirim, por elementos da Unidade Local de Investiga\u00e7\u00e3o Criminal de \u00c9vora da Pol\u00edcia Judici\u00e1ria. S\u00e3o suspeitos da pr\u00e1tica de um crime de homic\u00eddio qualificado na forma tentada.<br \/>Os factos remontam \u00e0 madrugada de 6 de Abril, em Vendas Novas, distrito de \u00c9vora. Segundo a PJ, os dois homens ter\u00e3o efetuado v\u00e1rios disparos contra a resid\u00eancia de uma fam\u00edlia rival, tendo como alvo um dos seus membros. Os tiros provocaram 15 perfura\u00e7\u00f5es na fachada do im\u00f3vel, na porta principal e numa janela. Alguns proj\u00e9teis atravessaram o interior da habita\u00e7\u00e3o, colocando em risco de vida as pessoas que ali se encontravam. As deten\u00e7\u00f5es foram realizadas na sequ\u00eancia da emiss\u00e3o de mandados de deten\u00e7\u00e3o. Os dois homens v\u00e3o ser presentes esta quarta-feira, 12 de Agosto, a primeiro interrogat\u00f3rio judicial para aplica\u00e7\u00e3o de medidas de coa\u00e7\u00e3o. O inqu\u00e9rito \u00e9 dirigido pelo Departamento de Investiga\u00e7\u00e3o e A\u00e7\u00e3o Penal de Montemor-o-Novo.<\/p>\n","protected":false},"excerpt":{"rendered":"Dois homens, de 30 e 39 anos, foram detidos em Almeirim pela Pol\u00edcia Judici\u00e1ria, suspeitos de terem disparado&hellip;\n","protected":false},"author":2,"featured_media":485339,"comment_status":"","ping_status":"","sticky":false,"template":"","format":"standard","meta":{"footnotes":"","_share_on_mastodon":"0"},"categories":[10],"tags":[27,28,15,16,14,6569,6568,25,26,21,22,12,13,19,20,32,23,24,33,3551,5314,17,18,29,30,31],"class_list":["post-485338","post","type-post","status-publish","format-standard","has-post-thumbnail","category-portugal","tag-breaking-news","tag-breakingnews","tag-featured-news","tag-featurednews","tag-headlines","tag-jornal-regional","tag-jornalismo-de-proximidade","tag-latest-news","tag-latestnews","tag-main-news","tag-mainnews","tag-news","tag-noticias","tag-noticias-principais","tag-noticiasprincipais","tag-portugal","tag-principais-noticias","tag-principaisnoticias","tag-pt","tag-regiao","tag-ribatejo","tag-top-stories","tag-topstories","tag-ultimas","tag-ultimas-noticias","tag-ultimasnoticias"],"share_on_mastodon":{"url":"https:\/\/pubeurope.com\/@pt\/117088939834226634","error":""},"_links":{"self":[{"href":"https:\/\/www.europesays.com\/pt\/wp-json\/wp\/v2\/posts\/485338","targetHints":{"allow":["GET"]}}],"collection":[{"href":"https:\/\/www.europesays.com\/pt\/wp-json\/wp\/v2\/posts"}],"about":[{"href":"https:\/\/www.europesays.com\/pt\/wp-json\/wp\/v2\/types\/post"}],"author":[{"embeddable":true,"href":"https:\/\/www.europesays.com\/pt\/wp-json\/wp\/v2\/users\/2"}],"replies":[{"embeddable":true,"href":"https:\/\/www.europesays.com\/pt\/wp-json\/wp\/v2\/comments?post=485338"}],"version-history":[{"count":0,"href":"https:\/\/www.europesays.com\/pt\/wp-json\/wp\/v2\/posts\/485338\/revisions"}],"wp:featuredmedia":[{"embeddable":true,"href":"https:\/\/www.europesays.com\/pt\/wp-json\/wp\/v2\/media\/485339"}],"wp:attachment":[{"href":"https:\/\/www.europesays.com\/pt\/wp-json\/wp\/v2\/media?parent=485338"}],"wp:term":[{"taxonomy":"category","embeddable":true,"href":"https:\/\/www.europesays.com\/pt\/wp-json\/wp\/v2\/categories?post=485338"},{"taxonomy":"post_tag","embeddable":true,"href":"https:\/\/www.europesays.com\/pt\/wp-json\/wp\/v2\/tags?post=485338"}],"curies":[{"name":"wp","href":"https:\/\/api.w.org\/{rel}","templated":true}]}}