{"id":485438,"date":"2026-08-13T16:49:33","date_gmt":"2026-08-13T16:49:33","guid":{"rendered":"https:\/\/www.europesays.com\/pt\/485438\/"},"modified":"2026-08-13T16:49:33","modified_gmt":"2026-08-13T16:49:33","slug":"margareth-menezes-mostrara-verba-recorde-ao-cinema-12-08-2026-monica-bergamo","status":"publish","type":"post","link":"https:\/\/www.europesays.com\/pt\/485438\/","title":{"rendered":"Margareth Menezes mostrar\u00e1 verba recorde ao cinema &#8211; 12\/08\/2026 &#8211; M\u00f4nica Bergamo"},"content":{"rendered":"<p>A ministra da Cultura, <a href=\"https:\/\/www1.folha.uol.com.br\/folha-topicos\/margareth-menezes\/\" rel=\"nofollow noopener\" target=\"_blank\">Margareth Menezes<\/a>, apresentar\u00e1 nesta quarta (13) em reuni\u00e3o com cineastas e produtores dados in\u00e9ditos da Ancine (Ag\u00eancia Nacional do <a href=\"https:\/\/www1.folha.uol.com.br\/folha-topicos\/cinema\/\" rel=\"nofollow noopener\" target=\"_blank\">Cinema<\/a>) sobre investimentos do governo no audiovisual brasileiro. As pol\u00edticas p\u00fablicas adotadas pela pasta t\u00eam sido alvo de constantes cr\u00edticas por parte dos profissionais e associa\u00e7\u00f5es que representam o setor.<\/p>\n<p>Margareth mostrar\u00e1 que o FSA (Fundo Setorial do Audiovisual), principal fonte de recursos do cinema nacional, aprovou em 2023 a destina\u00e7\u00e3o de R$ 1,225 bilh\u00e3o para produ\u00e7\u00e3o, distribui\u00e7\u00e3o, forma\u00e7\u00e3o e circula\u00e7\u00e3o de filmes \u2014valor que, segundo o MinC, \u00e9 o maior da s\u00e9rie entre 2016-2026.<\/p>\n<p>Neste ano, foi aprovada a destina\u00e7\u00e3o de R$ 1,160 bilh\u00e3o, quantia que, ainda de acordo com a pasta, est\u00e1 51% acima da m\u00e9dia dos \u00faltimos dez anos, de R$ 768,2 milh\u00f5es.<\/p>\n<p>No vel\u00f3rio de Luiz Carlos Barreto, o Barret\u00e3o, considerado um dos maiores produtores de cinema do Brasil, a sua vi\u00fava, a produtora Lucy Barreto, fez um desabafo sobre a situa\u00e7\u00e3o do segmento e se dirigiu diretamente \u00e0 ministra. &#8220;O cinema est\u00e1 desunido, existe uma pol\u00edtica \u00fanica, s\u00f3 para um lado, e n\u00e3o para o todo, para o cinema [como] ind\u00fastria. Tem que haver uma mudan\u00e7a&#8221;, afirmou ela, na ocasi\u00e3o.<\/p>\n<p>&#8220;As produtoras cl\u00e1ssicas que est\u00e3o aqui, que fazem cinema h\u00e1 muito tempo, n\u00e3o est\u00e3o bem, porque n\u00e3o est\u00e3o tendo uma pol\u00edtica para isso&#8221;, complementou.<\/p>\n<p>A afirma\u00e7\u00e3o foi lida como uma cr\u00edtica \u00e0s a\u00e7\u00f5es afirmativas do governo e ao deslocamento de recursos para outras regi\u00f5es do pa\u00eds, deixando de fora empresas tradicionais do eixo Rio-S\u00e3o Paulo.<\/p>\n<p>Margareth vai argumentar, por\u00e9m, que as pol\u00edticas de cotas abriram espa\u00e7o para outros locais e perfis, mas sem deixar de investir em mercados que j\u00e1 possuem infraestrutura, empresas e profissionais.<\/p>\n<p>Segundo dados da Ancine, que ser\u00e3o apresentados por ela, S\u00e3o Paulo e Rio de Janeiro concentraram em 2025 mais da metade (57,2% ou R$ 323,1 milh\u00f5es) do total de recursos contratados pelo FSA, sendo que o estado paulista recebeu R$ 171,5 milh\u00f5es, e o fluminense, R$ 151,6 milh\u00f5es.<\/p>\n<p>A participa\u00e7\u00e3o dos dois locais nas contrata\u00e7\u00f5es do Fundo caiu de 100% at\u00e9 2010 para 67% em junho deste ano, de acordo com a pasta. O argumento da ministra ser\u00e1 o de que houve desconcentra\u00e7\u00e3o, mas n\u00e3o invers\u00e3o da aplica\u00e7\u00e3o de recursos p\u00fablicos.<\/p>\n<p>com<strong> KARINA MATIAS (interina), <\/strong><strong>DIEGO ALEJANDRO e JULLIA GOUVEIA<\/strong><\/p>\n<p class=\"c-context__content\">&#13;<br \/>\n    <strong>LINK PRESENTE:<\/strong> Gostou deste texto? Assinante pode liberar sete acessos gratuitos de qualquer link por dia. Basta clicar no F azul abaixo.&#13;\n  <\/p>\n","protected":false},"excerpt":{"rendered":"A ministra da Cultura, Margareth Menezes, apresentar\u00e1 nesta quarta (13) em reuni\u00e3o com cineastas e produtores dados in\u00e9ditos&hellip;\n","protected":false},"author":2,"featured_media":485439,"comment_status":"","ping_status":"","sticky":false,"template":"","format":"standard","meta":{"footnotes":"","_share_on_mastodon":"0"},"categories":[145],"tags":[207,211,210,470,114,115,236,1540,16808,14081,150,32,33],"class_list":["post-485438","post","type-post","status-publish","format-standard","has-post-thumbnail","category-celebridades","tag-arte","tag-celebridades","tag-celebrities","tag-cinema","tag-entertainment","tag-entretenimento","tag-folha","tag-lula","tag-margareth-menezes","tag-ministerio-da-cultura","tag-musica","tag-portugal","tag-pt"],"share_on_mastodon":{"url":"https:\/\/pubeurope.com\/@pt\/117089230182030391","error":""},"_links":{"self":[{"href":"https:\/\/www.europesays.com\/pt\/wp-json\/wp\/v2\/posts\/485438","targetHints":{"allow":["GET"]}}],"collection":[{"href":"https:\/\/www.europesays.com\/pt\/wp-json\/wp\/v2\/posts"}],"about":[{"href":"https:\/\/www.europesays.com\/pt\/wp-json\/wp\/v2\/types\/post"}],"author":[{"embeddable":true,"href":"https:\/\/www.europesays.com\/pt\/wp-json\/wp\/v2\/users\/2"}],"replies":[{"embeddable":true,"href":"https:\/\/www.europesays.com\/pt\/wp-json\/wp\/v2\/comments?post=485438"}],"version-history":[{"count":0,"href":"https:\/\/www.europesays.com\/pt\/wp-json\/wp\/v2\/posts\/485438\/revisions"}],"wp:featuredmedia":[{"embeddable":true,"href":"https:\/\/www.europesays.com\/pt\/wp-json\/wp\/v2\/media\/485439"}],"wp:attachment":[{"href":"https:\/\/www.europesays.com\/pt\/wp-json\/wp\/v2\/media?parent=485438"}],"wp:term":[{"taxonomy":"category","embeddable":true,"href":"https:\/\/www.europesays.com\/pt\/wp-json\/wp\/v2\/categories?post=485438"},{"taxonomy":"post_tag","embeddable":true,"href":"https:\/\/www.europesays.com\/pt\/wp-json\/wp\/v2\/tags?post=485438"}],"curies":[{"name":"wp","href":"https:\/\/api.w.org\/{rel}","templated":true}]}}