{"id":485492,"date":"2026-08-13T17:40:13","date_gmt":"2026-08-13T17:40:13","guid":{"rendered":"https:\/\/www.europesays.com\/pt\/485492\/"},"modified":"2026-08-13T17:40:13","modified_gmt":"2026-08-13T17:40:13","slug":"nada-de-luxos-nem-finuras-a-imagem-insolita-de-ljubomir-stanisic-a-comer-em-restaurante-na-costa-o-que-aconteceu-ao-polemico-chef-jugoslavo-celebridades","status":"publish","type":"post","link":"https:\/\/www.europesays.com\/pt\/485492\/","title":{"rendered":"Nada de luxos nem finuras! A imagem ins\u00f3lita de Ljubomir Stanisic a comer em restaurante na Costa. O que aconteceu ao pol\u00e9mico chef jugoslavo? &#8211; Celebridades"},"content":{"rendered":"<p class=\"\">&#13;<br \/>\n        Depois de em meados de maio ter <b>anunciado a venda os seus restaurantes no Bairro Alto, em Lisboa, ao empres\u00e1rio nepal\u00eas Dhurba Subedi, encerrando 17 anos de opera\u00e7\u00e3o continua do grupo 100 Maneiras<\/b> com os seus dois s\u00f3cios, o chef Ljubomir Stanisic, de 48 anos de idade, refugiou-se no seu monte alentejano em Santa Margarida da Serra, nos arredores de Gr\u00e2ndola, <b>e agora cozinha para os amigos em casa ou quando \u00e9 contratado para refei\u00e7\u00f5es particulares, tendo-se afastado totalmente dos holofotes da fama.<\/b> &#13;\n    <\/p>\n<p class=\"\">&#13;<br \/>\n        S\u00f3 que no \u00faltimo fim de semana <b>saiu do seu &#8216;ref\u00fagio&#8217; e foi at\u00e9 \u00e0 Fonte da Telha, na Costa de Caparica, para jantar na esplanada de um restaurante local<\/b> e fez um v\u00eddeo que publicou nas suas redes sociais, dando o ar da sua gra\u00e7a. <b>&#8220;Restaurante daqueles cl\u00e1ssicos, n\u00e3o d\u00e1 nada para ser chique, ser bonitinho e estar fininho&#8221;,<\/b> come\u00e7a por dizer, em tom descontra\u00eddo, explicando n\u00e3o estar \u00e0 espera de receber um atendimento &#8216;premium&#8217;, mas antes um bem terra a terra. &#13;\n    <\/p>\n<p class=\"\">&#13;<br \/>\n        &#8220;Estar \u00e0 espera de beber um grande vinho?\u00a0 Nada disso. Neste caso trouxe o nosso vinho. Estou num restaurante na Costa de Caparica, na Fonte da Telha&#8221;, confirma, explicando como funciona o servi\u00e7o, e como <b>o modo simples de confeccionar a comida e de atender os clientes o entusiasma: &#8220;O peixe vem diretamente do mar para aqui. Sejam sardinhas, cavalinhas<\/b>. Apanham aqui as conquilhas todos os dias na mar\u00e9 baixa. <b>O choco incrivelmente bom, com tintinha. N\u00e3o d\u00e1 para comer aquele choco tipo limpinho, todo pequenininho. N\u00e3o, \u00e9 com a tripa toda<\/b>, assim, como deve ser. Que \u00e9 incr\u00edvel&#8221;. &#13;\n    <\/p>\n<p class=\"\">&#13;<br \/>\n        Ljubomir Stanisic n\u00e3o s\u00f3 se mostra a comer choco com tinta, como <b>sorri para a c\u00e2mara do telem\u00f3vel com os dentes todos pretos da tinta do cefal\u00f3pode<\/b>: &#8220;Aqui as minhas amigas, que gostam muito de n\u00f3s, dizem: &#8216;\u00c9 assim que se come o choco?'&#8221;. &#13;\n    <\/p>\n<p>        &#13;<br \/>\n            Saber mais sobre&#13;<br \/>\n            &#13;<br \/>\n            &#13;<\/p>\n<p>    &#13;<br \/>\n        &#13;<br \/>\n        &#13;<br \/>\n&#13;<\/p>\n","protected":false},"excerpt":{"rendered":"&#13; Depois de em meados de maio ter anunciado a venda os seus restaurantes no Bairro Alto, em&hellip;\n","protected":false},"author":2,"featured_media":485493,"comment_status":"","ping_status":"","sticky":false,"template":"","format":"standard","meta":{"footnotes":"","_share_on_mastodon":"0"},"categories":[85],"tags":[36985,4106,114,115,6507,4235,797,22013,32,33,2503,55262,3555],"class_list":["post-485492","post","type-post","status-publish","format-standard","has-post-thumbnail","category-entretenimento","tag-bairro-alto","tag-costa-da-caparica","tag-entertainment","tag-entretenimento","tag-grandola","tag-insolito","tag-lisboa","tag-ljubomir-stanisic","tag-portugal","tag-pt","tag-restauracao","tag-restaurante-de-luxo","tag-restaurantes"],"share_on_mastodon":{"url":"https:\/\/pubeurope.com\/@pt\/117089431153413790","error":""},"_links":{"self":[{"href":"https:\/\/www.europesays.com\/pt\/wp-json\/wp\/v2\/posts\/485492","targetHints":{"allow":["GET"]}}],"collection":[{"href":"https:\/\/www.europesays.com\/pt\/wp-json\/wp\/v2\/posts"}],"about":[{"href":"https:\/\/www.europesays.com\/pt\/wp-json\/wp\/v2\/types\/post"}],"author":[{"embeddable":true,"href":"https:\/\/www.europesays.com\/pt\/wp-json\/wp\/v2\/users\/2"}],"replies":[{"embeddable":true,"href":"https:\/\/www.europesays.com\/pt\/wp-json\/wp\/v2\/comments?post=485492"}],"version-history":[{"count":0,"href":"https:\/\/www.europesays.com\/pt\/wp-json\/wp\/v2\/posts\/485492\/revisions"}],"wp:featuredmedia":[{"embeddable":true,"href":"https:\/\/www.europesays.com\/pt\/wp-json\/wp\/v2\/media\/485493"}],"wp:attachment":[{"href":"https:\/\/www.europesays.com\/pt\/wp-json\/wp\/v2\/media?parent=485492"}],"wp:term":[{"taxonomy":"category","embeddable":true,"href":"https:\/\/www.europesays.com\/pt\/wp-json\/wp\/v2\/categories?post=485492"},{"taxonomy":"post_tag","embeddable":true,"href":"https:\/\/www.europesays.com\/pt\/wp-json\/wp\/v2\/tags?post=485492"}],"curies":[{"name":"wp","href":"https:\/\/api.w.org\/{rel}","templated":true}]}}