{"id":48572,"date":"2025-08-28T12:14:06","date_gmt":"2025-08-28T12:14:06","guid":{"rendered":"https:\/\/www.europesays.com\/pt\/48572\/"},"modified":"2025-08-28T12:14:06","modified_gmt":"2025-08-28T12:14:06","slug":"trabalhadores-do-metro-de-lisboa-agendam-greves-parciais-para-setembro","status":"publish","type":"post","link":"https:\/\/www.europesays.com\/pt\/48572\/","title":{"rendered":"Trabalhadores do Metro de Lisboa agendam greves parciais para setembro"},"content":{"rendered":"<p class=\"category\"><a href=\"https:\/\/sicnoticias.pt\/pais\" rel=\"nofollow noopener\" target=\"_blank\">Pa\u00eds<\/a><\/p>\n<p>Para o sindicato respons\u00e1vel pelo protesto, ou a tutela ou o conselho de administra\u00e7\u00e3o do Metropolitano de Lisboa &#8220;decidem abrir o di\u00e1logo, com propostas concretas em tempo \u00fatil antes do in\u00edcio da greve&#8221;, ou as organiza\u00e7\u00f5es sindicais &#8220;dar\u00e3o cumprimento \u00e0 vontade manifestada nos plen\u00e1rios de endurecimento da luta&#8221;.<\/p>\n<p><img decoding=\"async\" src=\"https:\/\/www.europesays.com\/pt\/wp-content\/uploads\/2025\/08\/1756383246_660_original.webp\" alt=\"Trabalhadores do Metro de Lisboa agendam greves parciais para setembro\"\/><\/p>\n<p>Peter Charlesworth\/GETTY IMAGES<\/p>\n<p><strong>Os trabalhadores do <\/strong><a href=\"https:\/\/www.metrolisboa.pt\/2025\/08\/08\/de-metro-ao-futebol\/\" target=\"_blank\" rel=\"noopener noreferrer nofollow\"><strong>Metropolitano de Lisboa<\/strong><\/a><strong> marcaram novas greves parciais para 09 e 11 de setembro, devido \u00e0 &#8220;falta de respostas \u00e0s suas reivindica\u00e7\u00f5es&#8221;, anunciou hoje fonte sindical.<\/strong><\/p>\n<p>A greve ir\u00e1 decorrer das 05:00 \u00e0s 10:00 para os trabalhadores da opera\u00e7\u00e3o, das 07:00 \u00e0s 12:00 para os trabalhadores do setor oficinal, das 07:30 \u00e0s 12:30 para trabalhadores dos setores fixos e administrativos e das 02:00 \u00e0s 07:00 para trabalhadores dos servi\u00e7os noturnos e via, revelou em comunicado a <a href=\"https:\/\/site.fectrans.pt\/\" target=\"_blank\" rel=\"noopener noreferrer nofollow\">Federa\u00e7\u00e3o dos Sindicatos dos Transportes e Comunica\u00e7\u00f5es (Fectrans).<\/a><\/p>\n<p>Para o sindicato, ou a tutela ou o conselho de administra\u00e7\u00e3o do Metropolitano de Lisboa &#8220;decidem abrir o di\u00e1logo, com propostas concretas em tempo \u00fatil antes do in\u00edcio da greve&#8221;, ou as organiza\u00e7\u00f5es sindicais &#8220;dar\u00e3o cumprimento \u00e0 vontade manifestada nos plen\u00e1rios de endurecimento da luta&#8221;.<\/p>\n<p>O Fectrans manifestou tamb\u00e9m &#8220;inteira disponibilidade&#8221; para estar na mesa das negocia\u00e7\u00f5es em representa\u00e7\u00e3o dos trabalhadores.<\/p>\n<blockquote><p>&#8220;O momento \u00e9 de unidade e, hoje como no passado, ser\u00e1 a determina\u00e7\u00e3o dos trabalhadores que conduzir\u00e1 ao \u00eaxito da justa luta que \u00e9 de todos e para todos&#8221;, pode ler-se na nota da Fectrans.<\/p><\/blockquote>\n<p>O Metropolitano de Lisboa opera diariamente com quatro linhas: Amarela (Rato-Odivelas), Verde (Telheiras-Cais do Sodr\u00e9), Azul (Reboleira-Santa Apol\u00f3nia) e Vermelha (Aeroporto-S\u00e3o Sebasti\u00e3o).<\/p>\n<p>Normalmente, o metro funciona entre as 06:30 e as 01:00.<\/p>\n","protected":false},"excerpt":{"rendered":"Pa\u00eds Para o sindicato respons\u00e1vel pelo protesto, ou a tutela ou o conselho de administra\u00e7\u00e3o do Metropolitano de&hellip;\n","protected":false},"author":2,"featured_media":48573,"comment_status":"","ping_status":"","sticky":false,"template":"","format":"standard","meta":{"footnotes":""},"categories":[10],"tags":[27,28,15,16,14,25,26,21,22,12,13,19,20,32,23,24,33,17,18,29,30,31],"class_list":{"0":"post-48572","1":"post","2":"type-post","3":"status-publish","4":"format-standard","5":"has-post-thumbnail","7":"category-portugal","8":"tag-breaking-news","9":"tag-breakingnews","10":"tag-featured-news","11":"tag-featurednews","12":"tag-headlines","13":"tag-latest-news","14":"tag-latestnews","15":"tag-main-news","16":"tag-mainnews","17":"tag-news","18":"tag-noticias","19":"tag-noticias-principais","20":"tag-noticiasprincipais","21":"tag-portugal","22":"tag-principais-noticias","23":"tag-principaisnoticias","24":"tag-pt","25":"tag-top-stories","26":"tag-topstories","27":"tag-ultimas","28":"tag-ultimas-noticias","29":"tag-ultimasnoticias"},"share_on_mastodon":{"url":"","error":""},"_links":{"self":[{"href":"https:\/\/www.europesays.com\/pt\/wp-json\/wp\/v2\/posts\/48572","targetHints":{"allow":["GET"]}}],"collection":[{"href":"https:\/\/www.europesays.com\/pt\/wp-json\/wp\/v2\/posts"}],"about":[{"href":"https:\/\/www.europesays.com\/pt\/wp-json\/wp\/v2\/types\/post"}],"author":[{"embeddable":true,"href":"https:\/\/www.europesays.com\/pt\/wp-json\/wp\/v2\/users\/2"}],"replies":[{"embeddable":true,"href":"https:\/\/www.europesays.com\/pt\/wp-json\/wp\/v2\/comments?post=48572"}],"version-history":[{"count":0,"href":"https:\/\/www.europesays.com\/pt\/wp-json\/wp\/v2\/posts\/48572\/revisions"}],"wp:featuredmedia":[{"embeddable":true,"href":"https:\/\/www.europesays.com\/pt\/wp-json\/wp\/v2\/media\/48573"}],"wp:attachment":[{"href":"https:\/\/www.europesays.com\/pt\/wp-json\/wp\/v2\/media?parent=48572"}],"wp:term":[{"taxonomy":"category","embeddable":true,"href":"https:\/\/www.europesays.com\/pt\/wp-json\/wp\/v2\/categories?post=48572"},{"taxonomy":"post_tag","embeddable":true,"href":"https:\/\/www.europesays.com\/pt\/wp-json\/wp\/v2\/tags?post=48572"}],"curies":[{"name":"wp","href":"https:\/\/api.w.org\/{rel}","templated":true}]}}