{"id":48578,"date":"2025-08-28T12:17:35","date_gmt":"2025-08-28T12:17:35","guid":{"rendered":"https:\/\/www.europesays.com\/pt\/48578\/"},"modified":"2025-08-28T12:17:35","modified_gmt":"2025-08-28T12:17:35","slug":"concurso-de-fotografia-luz-camara-emocao-portal-da-camara-dos-deputados","status":"publish","type":"post","link":"https:\/\/www.europesays.com\/pt\/48578\/","title":{"rendered":"Concurso de Fotografia Luz, C\u00e2mara, Emo\u00e7\u00e3o \u2014 Portal da C\u00e2mara dos Deputados"},"content":{"rendered":"<p style=\"text-align: left; \"><a class=\"external-link\" href=\"https:\/\/makerprod3.camara.gov.br\/ftc\/open.do?sys=FTC\" target=\"_self\" title=\"\" rel=\"nofollow noopener\"><img loading=\"lazy\" decoding=\"async\" src=\"https:\/\/www.europesays.com\/pt\/wp-content\/uploads\/2025\/08\/WhatsAppImage20250714at21.51.47.jpeg\" style=\"float: right; \" title=\"Topo_Concurso_Luz,C\u00e2mara,Emo\u00e7\u00e3o\" height=\"131\" width=\"732\" alt=\"Topo_Concurso_Luz,C\u00e2mara,Emo\u00e7\u00e3o\" class=\"image-inline\" \/><\/a><\/p>\n<p style=\"text-align: left; \">\u00a0<\/p>\n<p><b>Conhe\u00e7a os vencedores do Concurso de Fotografia Luz, C\u00e2mara, Emo\u00e7\u00e3o<\/b><\/p>\n<p style=\"text-align: center; \"><img decoding=\"async\" src=\"https:\/\/www.europesays.com\/pt\/wp-content\/uploads\/2025\/08\/ef4fbeeb-8979-42bd-aab5-59bd9a6ddbf9.png\" alt=\"Concurso_1\u00balugar\" class=\"image-inline\" title=\"Concurso_1\u00balugar\" \/><\/p>\n<p style=\"text-align: center; \"><img loading=\"lazy\" decoding=\"async\" src=\"https:\/\/www.europesays.com\/pt\/wp-content\/uploads\/2025\/08\/CadernodeVotaoConcursoLuzCmaraEmoo.png\" title=\"Concurso_2\u00balugar\" height=\"527\" width=\"409\" alt=\"Concurso_2\u00balugar\" class=\"image-inline\" \/><\/p>\n<p style=\"text-align: center; \">\u00a0<\/p>\n<p style=\"text-align: center; \"><img loading=\"lazy\" decoding=\"async\" src=\"https:\/\/www.europesays.com\/pt\/wp-content\/uploads\/2025\/08\/14b9d927-ff63-4624-b210-a2534b569c09.png\" style=\"text-align: right; \" title=\"Concurso_3\u00balugar\" height=\"424\" width=\"420\" alt=\"Concurso_3\u00balugar\" class=\"image-inline\" \/><\/p>\n<p style=\"text-align: center; \">\u00a0<b style=\"text-align: left; \">\u00a0<\/b><\/p>\n<p>A foto mais votada foi &#8220;A democracia ilumina tempos fechados&#8221;, de Igor Kokay Ferreira, policial legislativo lotado na Lideran\u00e7a do PT. O segundo lugar foi para a fotografia &#8220;Trabalhador na Passarela da Casa&#8221;, de Mauro Sampaio, analista legislativo que trabalha do Departamento de Taquigrafia. J\u00e1 a terceira coloca\u00e7\u00e3o ficou com &#8220;A C\u00e2mara clara&#8221;, de Cinthia Kerling Lima Amorim, analista legislativo lotada na Secretaria-Geral da Mesa.\u00a0<\/p>\n<p>A vota\u00e7\u00e3o do concurso ocorreu de 18 a 22 de agosto, por meio do sistema eletr\u00f4nico e por posto f\u00edsico no Anexo II. Ao todo, foram registrados 480 votos.\u00a0<\/p>\n<p>\u201cEstamos muito felizes\u00a0com o resultado. O concurso Luz, C\u00e2mara, Emo\u00e7\u00e3o nos presenteou com registros que v\u00e3o al\u00e9m da fotografia: s\u00e3o mem\u00f3rias vivas compartilhadas por trabalhadores e trabalhadoras que revelam o cotidiano da Casa do Povo e d\u00e3o ainda mais sentido \u00e0 nossa democracia. Parabenizo os vencedores e todos os participantes, que com sensibilidade e talento nos mostraram a beleza que pulsa nos corredores e nos arredores do Parlamento\u201d, afirmou o deputado Carlos Veras, Primeiro-Secret\u00e1rio da C\u00e2mara.<\/p>\n<p>Como premia\u00e7\u00e3o, os autores das tr\u00eas fotografias vencedoras receber\u00e3o diploma de men\u00e7\u00e3o honrosa, al\u00e9m de suas fotos impressas emolduradas, como cortesia do Sindilegis. A cerim\u00f4nia de entrega acontecer\u00e1 durante as comemora\u00e7\u00f5es do M\u00eas do Servidor, em data a ser informada futuramente.<\/p>\n<p>Todas as 10 fotografias finalistas ir\u00e3o compor exposi\u00e7\u00e3o institucional elaborada pelo Centro Cultural da C\u00e2mara dos Deputados e ser\u00e3o veiculadas em interprogramas da TV C\u00e2mara, al\u00e9m de serem divulgadas pelos canais da Casa.<\/p>\n<p>A Comiss\u00e3o Avaliadora est\u00e1 finalizando a an\u00e1lise das demais fotografias inscritas para indicar as que ir\u00e3o compor o fotolivro junto com as dez finalistas.\u00a0<\/p>\n<p>Confira abaixo o resultado final:<\/p>\n<p>\u00a0<\/p>\n<tr>\n<td class=\"xl66\">\u00a0<\/td>\n<td class=\"xl67\" colspan=\"11\" dir=\"LTR\">Legenda<\/td>\n<td class=\"xl68\">\n<p>PONT.<\/p>\n<p>FINAL<\/p>\n<\/td>\n<\/tr>\n<tr>\n<td class=\"xl64\">1\u00ba<\/td>\n<td class=\"xl67\" colspan=\"11\" dir=\"LTR\">A democracia ilumina tempos fechados.<\/td>\n<td class=\"xl68\">92<\/td>\n<\/tr>\n<tr>\n<td class=\"xl64\">2\u00ba<\/td>\n<td class=\"xl67\" colspan=\"11\" dir=\"LTR\">Trabalhador na passarela da Casa<\/td>\n<td class=\"xl68\">61<\/td>\n<\/tr>\n<tr>\n<td class=\"xl64\">3\u00ba<\/td>\n<td class=\"xl67\" colspan=\"11\" dir=\"LTR\">A C\u00e2mara clara.<\/td>\n<td class=\"xl68\">55<\/td>\n<\/tr>\n<tr>\n<td class=\"xl64\">4\u00ba<\/td>\n<td class=\"xl67\" colspan=\"11\" dir=\"LTR\">Athos de luz e sombra no Sal\u00e3o Verde.<\/td>\n<td class=\"xl68\">54<\/td>\n<\/tr>\n<tr>\n<td class=\"xl64\">5\u00ba<\/td>\n<td class=\"xl67\" colspan=\"11\" dir=\"LTR\">O reflexo do Congresso Nacional<\/td>\n<td class=\"xl68\">51<\/td>\n<\/tr>\n<tr>\n<td class=\"xl64\">6\u00ba<\/td>\n<td class=\"xl67\" colspan=\"11\" dir=\"LTR\">An\u00f4nimos<\/td>\n<td class=\"xl68\">46<\/td>\n<\/tr>\n<tr>\n<td class=\"xl64\">7\u00ba<\/td>\n<td class=\"xl67\" colspan=\"11\" dir=\"LTR\">Culturas se unem e florescem no solo do respeito.<\/td>\n<td class=\"xl68\">42<\/td>\n<\/tr>\n<tr>\n<td class=\"xl64\">8\u00ba<\/td>\n<td class=\"xl67\" colspan=\"11\" dir=\"LTR\">Democracia em concreto.<\/td>\n<td class=\"xl68\">31<\/td>\n<\/tr>\n<tr>\n<td class=\"xl64\">9\u00ba<\/td>\n<td class=\"xl67\" colspan=\"11\" dir=\"LTR\">Espera<\/td>\n<td class=\"xl68\">29<\/td>\n<\/tr>\n<tr>\n<td class=\"xl64\">10\u00ba<\/td>\n<td class=\"xl67\" colspan=\"11\" dir=\"LTR\">Concreto, c\u00e9u e poder.<\/td>\n<td class=\"xl68\">19<\/td>\n<\/tr>\n<p>\u00a0<\/p>\n<p>\u00a0<\/p>\n<p style=\"text-align: center; \"><strong><br \/>FOTOS FINALISTAS<\/strong><\/p>\n<tr>\n<td>\n<p><img loading=\"lazy\" decoding=\"async\" src=\"https:\/\/www.europesays.com\/pt\/wp-content\/uploads\/2025\/08\/61d2f0ac-d92b-4ede-8c47-623aa17c12bc.jpeg\" title=\"Democracia ilumina tempos fechados\" height=\"342\" width=\"325\" alt=\"Democracia ilumina tempos fechados\" class=\"image-left\" \/><\/p>\n<\/td>\n<td><img loading=\"lazy\" decoding=\"async\" src=\"https:\/\/www.europesays.com\/pt\/wp-content\/uploads\/2025\/08\/Concretocuepoderleg.jpg\" title=\"Concreto, c\u00e9u e poder\" height=\"343\" width=\"327\" alt=\"Concreto, c\u00e9u e poder\" class=\"image-inline\" \/><\/td>\n<\/tr>\n<tr>\n<td style=\"text-align: center; \"><img decoding=\"async\" src=\"https:\/\/www.europesays.com\/pt\/wp-content\/uploads\/2025\/08\/ACmaraclaraleg.jpg\" alt=\"C\u00e2mara Clara\" class=\"image-inline\" title=\"C\u00e2mara Clara\" \/><\/td>\n<\/tr>\n<tr>\n<td><img loading=\"lazy\" decoding=\"async\" src=\"https:\/\/www.europesays.com\/pt\/wp-content\/uploads\/2025\/08\/Democraciaemconcretoleg.jpg\" title=\"Democracia em concreto\" height=\"349\" width=\"330\" alt=\"Democracia em concreto\" class=\"image-inline\" \/><\/td>\n<td><img decoding=\"async\" src=\"https:\/\/www.europesays.com\/pt\/wp-content\/uploads\/2025\/08\/TrabalhadornapassareladaCasaleg.jpg\" alt=\"Trabalhador na passarela da Casa\" class=\"image-inline\" title=\"Trabalhador na passarela da Casa\" \/><\/td>\n<\/tr>\n<tr>\n<td style=\"text-align: center; \"><img decoding=\"async\" src=\"https:\/\/www.europesays.com\/pt\/wp-content\/uploads\/2025\/08\/AthosdeluzesombranoSaloVerdeleg.jpg\" alt=\"Athos de luz e sombra\" class=\"image-inline\" title=\"Athos de luz e sombra\" \/><\/td>\n<\/tr>\n<p>\u00a0<\/p>\n<p><strong>O que \u00e9?<\/strong><\/p>\n<p>O Concurso <strong>Luz, C\u00e2mara, Emo\u00e7\u00e3o<\/strong> \u00e9 uma iniciativa da Primeira-Secretaria, em parceria com a Edi\u00e7\u00f5es C\u00e2mara, que visa estimular servidores e colaboradores da C\u00e2mara dos Deputados a exercitarem, por meio da fotografia, um olhar art\u00edstico sobre o dia a dia da Casa.\u00a0<\/p>\n<p>As fotos selecionadas ir\u00e3o compor um Fotolivro da Edi\u00e7\u00f5es C\u00e2mara e uma exposi\u00e7\u00e3o institucional como parte das a\u00e7\u00f5es comemorativas do M\u00eas do Servidor.<\/p>\n<p>\u00a0<\/p>\n<p><strong>Quem pode participar?<\/strong><\/p>\n<p>Servidores efetivos, secret\u00e1rios parlamentares, ocupantes do cargo de natureza especial (CNE), empregados terceirizados, estagi\u00e1rios, pr\u00f3-adolescentes e parlamentares.<\/p>\n<p>Cada interessado poder\u00e1 participar com apenas 1 (uma) fotografia, que dever\u00e1 ser acompanhada de uma legenda com at\u00e9 50 caracteres, sob pena de desclassifica\u00e7\u00e3o.<\/p>\n<p>Essa legenda dever\u00e1 ter correla\u00e7\u00e3o com a fotografia e com a C\u00e2mara dos Deputados.<\/p>\n<p>Para participar, acesse o<a class=\"external-link\" href=\"https:\/\/makerprod3.camara.gov.br\/ftc\/open.do?sys=FTC\" target=\"_self\" title=\"\" rel=\"nofollow noopener\">\u00a0<strong>sistema<\/strong>\u00a0<\/a>\u00a0(somente atrav\u00e9s de ponto e senha da Rede C\u00e2mara) ou o\u00a0<strong><a class=\"external-link\" href=\"https:\/\/forms.gle\/rKEQnsY6hgZ1oojW8\" target=\"_self\" title=\"\" rel=\"nofollow noopener\">formul\u00e1rio de inscri\u00e7\u00e3o<\/a><\/strong>\u00a0(para quem n\u00e3o tem acesso \u00e0 Rede C\u00e2mara).<\/p>\n<p>\u00a0<\/p>\n<p><strong>Como ser\u00e1 a escolha das fotos?<\/strong><\/p>\n<p>A Comiss\u00e3o Avaliadora selecionar\u00e1, conforme crit\u00e9rios de sele\u00e7\u00e3o, fotos que ir\u00e3o compor o Fotolivro a ser desenvolvido pela Edi\u00e7\u00f5es C\u00e2mara. Destas, 10 fotos ser\u00e3o submetidas \u00e0 vota\u00e7\u00e3o popular para escolha das 3 fotos vencedoras.\u00a0<\/p>\n<p>\u00a0<\/p>\n<p><strong>Quem pode votar?<\/strong><\/p>\n<p>Poder\u00e3o participar da vota\u00e7\u00e3o todos os servidores e colaboradores da C\u00e2mara dos Deputados.<\/p>\n<p>\u00a0<\/p>\n<p><strong>Premia\u00e7\u00e3o<\/strong><\/p>\n<p>As fotografias selecionadas ir\u00e3o compor o Fotolivro publicado pela Edi\u00e7\u00f5es C\u00e2mara. <br \/>As 10 melhores classificadas far\u00e3o parte de exposi\u00e7\u00e3o no M\u00eas do Servidor e ser\u00e3o divulgadas em interprogramas da TV C\u00e2mara e nos diversos ve\u00edculos de comunica\u00e7\u00e3o da C\u00e2mara dos Deputados.<\/p>\n<p>Os autores das 3(tr\u00eas) fotografias vencedoras receber\u00e3o certificado de men\u00e7\u00e3o honrosa.<\/p>\n<p>\u00a0<\/p>\n<p>Para mais informa\u00e7\u00f5es,<strong> <\/strong><strong><a title=\"\" href=\"https:\/\/www2.camara.leg.br\/a-camara\/estruturaadm\/mesa\/primeira-secretaria\/paginas-antigas\/REGULAMENTOATUALIZADO2025portariaconcursofotografia.pdf\" class=\"internal-link\" target=\"_self\" rel=\"nofollow noopener\">acesse o regulamento<\/a><\/strong>.<\/p>\n<p>D\u00favidas: 3215-8240<\/p>\n","protected":false},"excerpt":{"rendered":"\u00a0 Conhe\u00e7a os vencedores do Concurso de Fotografia Luz, C\u00e2mara, Emo\u00e7\u00e3o \u00a0 \u00a0\u00a0 A foto mais votada foi&hellip;\n","protected":false},"author":2,"featured_media":44749,"comment_status":"","ping_status":"","sticky":false,"template":"","format":"standard","meta":{"footnotes":""},"categories":[144],"tags":[207,205,206,203,201,202,204,114,115,32,33],"class_list":{"0":"post-48578","1":"post","2":"type-post","3":"status-publish","4":"format-standard","5":"has-post-thumbnail","7":"category-arte-e-design","8":"tag-arte","9":"tag-arte-e-design","10":"tag-artedesign","11":"tag-arts","12":"tag-arts-and-design","13":"tag-artsanddesign","14":"tag-design","15":"tag-entertainment","16":"tag-entretenimento","17":"tag-portugal","18":"tag-pt"},"share_on_mastodon":{"url":"","error":""},"_links":{"self":[{"href":"https:\/\/www.europesays.com\/pt\/wp-json\/wp\/v2\/posts\/48578","targetHints":{"allow":["GET"]}}],"collection":[{"href":"https:\/\/www.europesays.com\/pt\/wp-json\/wp\/v2\/posts"}],"about":[{"href":"https:\/\/www.europesays.com\/pt\/wp-json\/wp\/v2\/types\/post"}],"author":[{"embeddable":true,"href":"https:\/\/www.europesays.com\/pt\/wp-json\/wp\/v2\/users\/2"}],"replies":[{"embeddable":true,"href":"https:\/\/www.europesays.com\/pt\/wp-json\/wp\/v2\/comments?post=48578"}],"version-history":[{"count":0,"href":"https:\/\/www.europesays.com\/pt\/wp-json\/wp\/v2\/posts\/48578\/revisions"}],"wp:featuredmedia":[{"embeddable":true,"href":"https:\/\/www.europesays.com\/pt\/wp-json\/wp\/v2\/media\/44749"}],"wp:attachment":[{"href":"https:\/\/www.europesays.com\/pt\/wp-json\/wp\/v2\/media?parent=48578"}],"wp:term":[{"taxonomy":"category","embeddable":true,"href":"https:\/\/www.europesays.com\/pt\/wp-json\/wp\/v2\/categories?post=48578"},{"taxonomy":"post_tag","embeddable":true,"href":"https:\/\/www.europesays.com\/pt\/wp-json\/wp\/v2\/tags?post=48578"}],"curies":[{"name":"wp","href":"https:\/\/api.w.org\/{rel}","templated":true}]}}