{"id":486259,"date":"2026-08-14T08:40:23","date_gmt":"2026-08-14T08:40:23","guid":{"rendered":"https:\/\/www.europesays.com\/pt\/486259\/"},"modified":"2026-08-14T08:40:23","modified_gmt":"2026-08-14T08:40:23","slug":"rui-de-sa-esperou-90-minutos-pela-saude-24-com-um-enfarte-o-relato-assustador","status":"publish","type":"post","link":"https:\/\/www.europesays.com\/pt\/486259\/","title":{"rendered":"Rui de S\u00e1 esperou 90 minutos pela Sa\u00fade 24 com um enfarte: o relato assustador"},"content":{"rendered":"<p>Rui de S\u00e1, de 65 anos, viveu um verdadeiro pesadelo no in\u00edcio de agosto de 2026. O ator sofreu um enfarte que o deixou em risco de vida, e agora, depois do susto, conta os detalhes arrepiantes dessa experi\u00eancia.<\/p>\n<p>Em conversa com a \u2018TV 7 Dias\u2019, o artista, que tamb\u00e9m trabalha como cozinheiro, recordou o momento em que se come\u00e7ou a sentir mal durante o trabalho. <strong>\u201c\u00c9 uma coisa horr\u00edvel, n\u00e3o desejo a ningu\u00e9m. Parece que o peito\u2026 \u00e9 uma press\u00e3o, apanha o lado esquerdo do pesco\u00e7o tamb\u00e9m, o bra\u00e7o\u201d<\/strong>, explicou. Assustado, procurou uma farm\u00e1cia, onde lhe disseram para contactar a linha de Sa\u00fade 24.<\/p>\n<p style=\"text-align:center;margin:28px 0;\"><a href=\"https:\/\/www.google.com\/preferences\/source?q=dioguinho.com\" target=\"_blank\" rel=\"nofollow noopener\" style=\"display:inline-flex !important;align-items:center !important;gap:8px;padding:10px 18px;background:#ffffff;border:1px solid #dadce0;border-radius:999px;color:#3c4043;font-family:Roboto,Arial,sans-serif;font-size:15px;font-weight:700;text-decoration:none;line-height:1.3;box-sizing:border-box;max-width:100%;\"><img loading=\"lazy\" decoding=\"async\" title=\"Novo Fonte preferida no Google\" src=\"https:\/\/www.europesays.com\/pt\/wp-content\/uploads\/2026\/08\/1786696823_131_googleg_48dp.png\" alt=\"Google\" width=\"18\" height=\"18\" style=\"display:inline-block !important;flex-shrink:0 !important;vertical-align:middle !important;margin:0 !important;border:0 !important;width:18px !important;height:18px !important;float:none !important;\"\/>Tornar o Dioguinho a tua fonte preferida no Google<\/a><\/p>\n<p>A tentativa de obter ajuda revelou-se um calv\u00e1rio. <strong>\u201cEstive uma hora e meia para me atenderem e n\u00e3o me atenderam\u201d<\/strong>, denunciou Rui de S\u00e1, que se viu obrigado a encontrar a sua pr\u00f3pria forma de acalmar os sintomas. <strong>\u201cComo havia suores frios, fui para o ar condicionado e ao fim de hora e meia a dor foi passando. Nunca pensei que fosse um enfarte. Fui ajeitando tudo no restaurante e quando acabei, fui para o terra\u00e7o descansar\u201d<\/strong>, contou.<\/p>\n<p>Leia tamb\u00e9m: <strong><a href=\"https:\/\/dioguinho.com\/revelados-novos-pormenores-do-casamento-de-taylor-swift-e-travis-kelce\/\" target=\"_blank\" rel=\"noopener nofollow\">Revelados novos pormenores do casamento de Taylor Swift e Travis Kelce<\/a><\/strong><\/p>\n<p>Contudo, o pior ainda estava para acontecer. <strong>\u201c\u00c0s 14 horas foi quando deu o primeiro, \u00e0s 17 horas volta outra vez e mais forte\u201d<\/strong>, lembrou o ator, que desta vez j\u00e1 n\u00e3o estava sozinho. Chamaram o 112, e o INEM, ao chegar, fez um eletrocardiograma que confirmou a presen\u00e7a de um co\u00e1gulo. Rui de S\u00e1 foi imediatamente para o Hospital Garcia de Orta, onde garante que foi <strong>\u201cmuito bem tratado\u201d<\/strong>.<\/p>\n<p>Ap\u00f3s uma s\u00e9rie de exames, o ator foi submetido a um cateterismo. <strong>\u201cColocaram uma redezinha na art\u00e9ria. \u00c9 um processo doloroso, porque primeiro experimentaram introduzir os tubinhos e os bal\u00f5es num bra\u00e7o e depois no esquerdo para desentupir a art\u00e9ria\u201d<\/strong>, descreveu. Dias mais tarde, recebeu um aviso s\u00e9rio da m\u00e9dica que o seguia: <strong>\u201cA m\u00e9dica que me acompanhou veio falar comigo e disse-me dois dias mais tarde que se eu n\u00e3o tivesse ido ao hospital, n\u00e3o estar\u00edamos a falar\u201d<\/strong>. Uma revela\u00e7\u00e3o que o fez refletir sobre a fragilidade da exist\u00eancia. <strong>\u201cComecei a chorar, porque a vida passa muito depressa e n\u00e3o \u00e9 um dado adquirido\u201d<\/strong>, desabafou.<\/p>\n<p>Leia tamb\u00e9m: <strong><a href=\"https:\/\/dioguinho.com\/tania-laranjo-e-maria-joao-marques-batem-de-frente-libertacao-de-suspeito-na-baixa-de-lisboa\/\" target=\"_blank\" rel=\"noopener nofollow\">T\u00e2nia Laranjo e Maria Jo\u00e3o Marques \u2018batem de frente\u2019: Liberta\u00e7\u00e3o de suspeito na Baixa de Lisboa<\/a><\/strong><\/p>\n<p>Rui de S\u00e1 j\u00e1 teve alta hospitalar e agora segue um tratamento com medica\u00e7\u00e3o cont\u00ednua para prevenir futuros problemas de sa\u00fade.<\/p>\n","protected":false},"excerpt":{"rendered":"Rui de S\u00e1, de 65 anos, viveu um verdadeiro pesadelo no in\u00edcio de agosto de 2026. O ator&hellip;\n","protected":false},"author":2,"featured_media":486260,"comment_status":"","ping_status":"","sticky":false,"template":"","format":"standard","meta":{"footnotes":"","_share_on_mastodon":"0"},"categories":[85],"tags":[21247,114,115,20355,7923,32,33,76105,2946,77769,43324],"class_list":["post-486259","post","type-post","status-publish","format-standard","has-post-thumbnail","category-entretenimento","tag-enfarte","tag-entertainment","tag-entretenimento","tag-hospital-garcia-de-orta","tag-inem","tag-portugal","tag-pt","tag-rui-de-su00e1","tag-sau00fade","tag-sau00fade-24","tag-tv-7-dias"],"share_on_mastodon":{"url":"https:\/\/pubeurope.com\/@pt\/117092969940685344","error":""},"_links":{"self":[{"href":"https:\/\/www.europesays.com\/pt\/wp-json\/wp\/v2\/posts\/486259","targetHints":{"allow":["GET"]}}],"collection":[{"href":"https:\/\/www.europesays.com\/pt\/wp-json\/wp\/v2\/posts"}],"about":[{"href":"https:\/\/www.europesays.com\/pt\/wp-json\/wp\/v2\/types\/post"}],"author":[{"embeddable":true,"href":"https:\/\/www.europesays.com\/pt\/wp-json\/wp\/v2\/users\/2"}],"replies":[{"embeddable":true,"href":"https:\/\/www.europesays.com\/pt\/wp-json\/wp\/v2\/comments?post=486259"}],"version-history":[{"count":0,"href":"https:\/\/www.europesays.com\/pt\/wp-json\/wp\/v2\/posts\/486259\/revisions"}],"wp:featuredmedia":[{"embeddable":true,"href":"https:\/\/www.europesays.com\/pt\/wp-json\/wp\/v2\/media\/486260"}],"wp:attachment":[{"href":"https:\/\/www.europesays.com\/pt\/wp-json\/wp\/v2\/media?parent=486259"}],"wp:term":[{"taxonomy":"category","embeddable":true,"href":"https:\/\/www.europesays.com\/pt\/wp-json\/wp\/v2\/categories?post=486259"},{"taxonomy":"post_tag","embeddable":true,"href":"https:\/\/www.europesays.com\/pt\/wp-json\/wp\/v2\/tags?post=486259"}],"curies":[{"name":"wp","href":"https:\/\/api.w.org\/{rel}","templated":true}]}}