{"id":486285,"date":"2026-08-14T09:12:26","date_gmt":"2026-08-14T09:12:26","guid":{"rendered":"https:\/\/www.europesays.com\/pt\/486285\/"},"modified":"2026-08-14T09:12:26","modified_gmt":"2026-08-14T09:12:26","slug":"viagem-a-russia-de-deputado-do-ps-gera-troca-de-acusacoes-observador","status":"publish","type":"post","link":"https:\/\/www.europesays.com\/pt\/486285\/","title":{"rendered":"Viagem \u00e0 R\u00fassia de deputado do PS gera troca de acusa\u00e7\u00f5es \u2013 Observador"},"content":{"rendered":"<p>Uma viagem privada do deputado do PS Jos\u00e9 Carlos Barbosa \u00e0 R\u00fassia deu esta quinta-feira\u00a0origem a uma <strong>troca de acusa\u00e7\u00f5es<\/strong> com o dirigente do Chega e presidente da Comiss\u00e3o de Transpar\u00eancia e Estatuto dos Deputados, Rui Paulo Sousa.<\/p>\n<p>A pol\u00e9mica entre os dois deputados come\u00e7ou no domingo, quando Rui Paulo Sousa criticou nas suas redes sociais as imagens divulgadas pelo socialista Jos\u00e9 Carlos Barbosa durante uma passagem pela R\u00fassia, acusando-o de apresentar o pa\u00eds como um destino tur\u00edstico \u201c<strong>enquanto a Ucr\u00e2nia continua a contar mortos<\/strong>\u201c.<\/p>\n<p>\u201cEnquanto a Ucr\u00e2nia continua a contar mortos e cidades destru\u00eddas pela invas\u00e3o russa, o deputado do PS Jos\u00e9 Carlos Barbosa passeia pela R\u00fassia, sorri para a c\u00e2mara e transforma o pa\u00eds agressor num postal tur\u00edstico. Pode chamar-lhe viagem privada, mas um deputado da Na\u00e7\u00e3o tem sempre responsabilidade p\u00fablica. Perante a guerra, esta falta de no\u00e7\u00e3o \u00e9 inaceit\u00e1vel\u201d, escreveu o parlamentar do Chega na <a href=\"https:\/\/x.com\/rpdsousa\/status\/2086802254615506956\" rel=\"nofollow\">rede social \u2018X\u2019.<\/a><\/p>\n<blockquote class=\"twitter-tweet\" data-width=\"500\" data-dnt=\"true\">\n<p lang=\"pt\" dir=\"ltr\">Enquanto a Ucr\u00e2nia continua a contar mortos e cidades destru\u00eddas pela invas\u00e3o russa, o deputado do PS Jos\u00e9 Carlos Barbosa passeia pela R\u00fassia, sorri para a c\u00e2mara e transforma o pa\u00eds agressor num postal tur\u00edstico.<\/p>\n<p>Pode chamar-lhe viagem privada, mas um deputado da Na\u00e7\u00e3o tem\u2026 <a href=\"https:\/\/t.co\/GJ4b0zlLDp\" rel=\"nofollow\">pic.twitter.com\/GJ4b0zlLDp<\/a><\/p>\n<p>\u2014 RUI PAULO SOUSA (@rpdsousa) <a href=\"https:\/\/x.com\/rpdsousa\/status\/2086802254615506956?ref_src=twsrc%5Etfw\" rel=\"nofollow\">August 10, 2026<\/a><\/p>\n<\/blockquote>\n<p>Jos\u00e9 Carlos Barbosa respondeu esta quinta-feira ao presidente da Comiss\u00e3o de Transpar\u00eancia, tamb\u00e9m atrav\u00e9s da rede social \u2018X\u2019, chamando-lhe \u201cracista e aldrab\u00e3o\u201d e \u201cpouco esperto\u201d.<\/p>\n<p>\u201cEste racista e aldrab\u00e3o \u00e9 presidente da Comiss\u00e3o de Transpar\u00eancia e Estatuto dos Deputados, al\u00e9m de pouco esperto, \u00e9 incapaz de escrever uma v\u00edrgula sem recorrer a IA [intelig\u00eancia artificial]. Nem a um e-mail sabe responder. Al\u00e9m disso, n\u00e3o \u00e9 muito bom em contas como nos conta o livro sobre o Chega\u201d, acusou, sem referir a sua ida \u00e0 R\u00fassia.<\/p>\n<p>Horas depois, na r\u00e9plica, Rui Paulo Sousa voltou a pronunciar-se, afirmando que \u201c<strong>um deputado da na\u00e7\u00e3o n\u00e3o ganha raz\u00e3o por chamar \u2018racista\u2019, \u2018aldrab\u00e3o\u2019, \u2018pouco esperto\u2019 e \u2018incapaz\u2019 a outro deputado<\/strong>\u201d e argumentando que isso \u201cdemonstra que, quando faltam argumentos\u201d, o socialista \u201cescolhe o insulto pessoal\u201d.<\/p>\n<p>O presidente da Comiss\u00e3o de Transpar\u00eancia escreveu tamb\u00e9m que \u201cJos\u00e9 Carlos Barbosa podia ter explicado por que motivo passeou e sorriu para as c\u00e2maras na R\u00fassia, apresentando o pa\u00eds agressor como um cen\u00e1rio tur\u00edstico enquanto a Ucr\u00e2nia continua a contar mortos e cidades destru\u00eddas\u201d.<\/p>\n<p>\u201cN\u00e3o explicou. N\u00e3o respondeu \u00e0 quest\u00e3o pol\u00edtica. Preferiu tentar desqualificar-me pessoal e profissionalmente. Esta conduta \u00e9 especialmente grave em quem representa os portugueses. Um deputado tem o dever de debater com responsabilidade e respeito democr\u00e1tico. A Assembleia da Rep\u00fablica n\u00e3o pode transformar-se numa caixa de coment\u00e1rios onde o insulto substitui os argumentos\u201d, acrescentou.<\/p>\n<p>O deputado do Chega argumentou ainda que \u201cos insultos n\u00e3o apagam as imagens da sua viagem nem a pergunta que continua sem resposta\u201d, frisando que n\u00e3o se deixa intimidar ou recuar.<\/p>\n<p>\u201cContinuarei a denunciar aquilo que considero politicamente errado, sobretudo quando est\u00e1 em causa a complac\u00eancia perante um regime que invadiu um pa\u00eds soberano. Os insultos dizem muito sobre quem os profere, mas n\u00e3o alteram um \u00fanico facto\u201d, disse ainda.<\/p>\n<p>A desloca\u00e7\u00e3o de Jos\u00e9 Carlos Barbosa \u00e0 R\u00fassia j\u00e1 tinha <strong>suscitado cr\u00edticas<\/strong> da IL e da <a href=\"https:\/\/observador.pt\/2026\/08\/09\/associacao-dos-ucranianos-questiona-o-ps-sobre-deputado-que-acusa-de-elogiar-a-russia-durante-viagem-pelo-pais-partido-nega-apoio\/\" rel=\"nofollow noopener\" target=\"_blank\">comunidade ucraniana<\/a> em Portugal.<\/p>\n<p>No s\u00e1bado, o socialista reagiu tamb\u00e9m a uma publica\u00e7\u00e3o do deputado da Iniciativa Liberal Rodrigo Saraiva, que publicou um v\u00eddeo com o t\u00edtulo \u201cEnquanto caem m\u00edsseis na Ucr\u00e2nia h\u00e1 quem passeie pela R\u00fassia. N\u00e3o \u00e9 apenas um cidad\u00e3o apaixonado por viagens. \u00c9 um deputado da na\u00e7\u00e3o. Ser\u00e1 falta de no\u00e7\u00e3o?\u201d.<\/p>\n<p>\u201cUm deputado do PS est\u00e1 a fazer uma viagem de comboio at\u00e9 Pequim. J\u00e1 passou pela Bielorr\u00fassia e agora est\u00e1 na R\u00fassia. Ele filma esta\u00e7\u00f5es bonitas, o ambiente nas cidades e faz sorrisos para a c\u00e2mara\u201d, disse o deputado da IL.<\/p>\n<p>No domingo, a Associa\u00e7\u00e3o dos Ucranianos em Portugal questionou o PS sobre o deputado socialista Jos\u00e9 Carlos Barbosa, que acusa de elogiar a R\u00fassia numa viagem pelo pa\u00eds, mas <strong>o Partido Socialista refere que \u201cn\u00e3o corresponde \u00e0 realidade\u201d<\/strong>.<\/p>\n<p>Contactado ent\u00e3o pela Lusa, o l\u00edder parlamentar do PS, Eurico Brilhante Dias, afirmou que esta a\u00e7\u00e3o \u201cn\u00e3o corresponde nada \u00e0 realidade\u201d, indicando que o deputado Jos\u00e9 Carlos Barbosa est\u00e1 a fazer uma viagem privada pela ferrovia entre Paredes, a sua terra natal, e Pequim.<\/p>\n<p>Brilhante Dias real\u00e7ou ainda que <strong>Jos\u00e9 Carlos Barbosa tem votado ao longo dos anos ao lado do PS<\/strong> na condena\u00e7\u00e3o da Federa\u00e7\u00e3o Russa e na defesa da causa ucraniana.<\/p>\n<p>            <script async src=\"https:\/\/platform.twitter.com\/widgets.js\" charset=\"utf-8\"><\/script><\/p>\n","protected":false},"excerpt":{"rendered":"Uma viagem privada do deputado do PS Jos\u00e9 Carlos Barbosa \u00e0 R\u00fassia deu esta quinta-feira\u00a0origem a uma troca&hellip;\n","protected":false},"author":2,"featured_media":486286,"comment_status":"","ping_status":"","sticky":false,"template":"","format":"standard","meta":{"footnotes":"","_share_on_mastodon":"0"},"categories":[10],"tags":[27,28,476,15,16,14,25,26,21,22,62,12,13,19,20,3369,302,32,23,24,455,33,3879,17,18,18784,2588,29,30,31],"class_list":["post-486285","post","type-post","status-publish","format-standard","has-post-thumbnail","category-portugal","tag-breaking-news","tag-breakingnews","tag-economia","tag-featured-news","tag-featurednews","tag-headlines","tag-latest-news","tag-latestnews","tag-main-news","tag-mainnews","tag-mundo","tag-news","tag-noticias","tag-noticias-principais","tag-noticiasprincipais","tag-partido-chega","tag-polu00edtica","tag-portugal","tag-principais-noticias","tag-principaisnoticias","tag-ps","tag-pt","tag-ru00fassia","tag-top-stories","tag-topstories","tag-transporte-ferroviu00e1rio","tag-transportes","tag-ultimas","tag-ultimas-noticias","tag-ultimasnoticias"],"share_on_mastodon":{"url":"https:\/\/pubeurope.com\/@pt\/117093095622652991","error":""},"_links":{"self":[{"href":"https:\/\/www.europesays.com\/pt\/wp-json\/wp\/v2\/posts\/486285","targetHints":{"allow":["GET"]}}],"collection":[{"href":"https:\/\/www.europesays.com\/pt\/wp-json\/wp\/v2\/posts"}],"about":[{"href":"https:\/\/www.europesays.com\/pt\/wp-json\/wp\/v2\/types\/post"}],"author":[{"embeddable":true,"href":"https:\/\/www.europesays.com\/pt\/wp-json\/wp\/v2\/users\/2"}],"replies":[{"embeddable":true,"href":"https:\/\/www.europesays.com\/pt\/wp-json\/wp\/v2\/comments?post=486285"}],"version-history":[{"count":0,"href":"https:\/\/www.europesays.com\/pt\/wp-json\/wp\/v2\/posts\/486285\/revisions"}],"wp:featuredmedia":[{"embeddable":true,"href":"https:\/\/www.europesays.com\/pt\/wp-json\/wp\/v2\/media\/486286"}],"wp:attachment":[{"href":"https:\/\/www.europesays.com\/pt\/wp-json\/wp\/v2\/media?parent=486285"}],"wp:term":[{"taxonomy":"category","embeddable":true,"href":"https:\/\/www.europesays.com\/pt\/wp-json\/wp\/v2\/categories?post=486285"},{"taxonomy":"post_tag","embeddable":true,"href":"https:\/\/www.europesays.com\/pt\/wp-json\/wp\/v2\/tags?post=486285"}],"curies":[{"name":"wp","href":"https:\/\/api.w.org\/{rel}","templated":true}]}}