{"id":486439,"date":"2026-08-14T11:57:20","date_gmt":"2026-08-14T11:57:20","guid":{"rendered":"https:\/\/www.europesays.com\/pt\/486439\/"},"modified":"2026-08-14T11:57:20","modified_gmt":"2026-08-14T11:57:20","slug":"fatoumata-diallo-a-atleta-sem-infancia-que-ultrapassou-as-barreiras-da-vida-com-ajuda-do-atletismo-2","status":"publish","type":"post","link":"https:\/\/www.europesays.com\/pt\/486439\/","title":{"rendered":"Fatoumata Diallo. A atleta sem inf\u00e2ncia, que ultrapassou as barreiras da vida com ajuda do atletismo"},"content":{"rendered":"<p>Nascida na Guin\u00e9-Conacri, Fatoumata Diallo chegou a Portugal com 12 anos e foi no Algarve, onde os pais j\u00e1 residiam, que despertou para o atletismo no corta-mato em 2012. <strong>Foi numa prova do Desporto Escolar que conheceu o treinador Paulo Murta. Ele perguntou-lhe se queria fazer atletismo e ela disse que sim, afinal j\u00e1 em \u00c1frica corria muito, at\u00e9 porque a escola era longe<\/strong>, mas at\u00e9 sapatilhas o treinador teve de lhe comprar. Uma realidade agora bem distante, mas que a atleta do Benfica sabe reconhecer sempre que recorda esses tempos dif\u00edceis sem perder o sorriso.<\/p>\n<p>O primeiro treino era mesmo correr de Olh\u00e3o at\u00e9 Pech\u00e3o (5,7 Km), terra do clube que passou a representar, mas isso n\u00e3o a fez desistir. \u201cVim de \u00c1frica, n\u00e3o tive uma inf\u00e2ncia como toda a gente, em \u00c1frica j\u00e1 era adulta\u201d, revelou numa emotiva entrevista que deu \u00e0 Lusa, em 2023, em que tamb\u00e9m <strong>revelou ter sofrido maus tratos e abusos f\u00edsicos, como provam as \u201ccicatrizes no corpo\u201d. Diz por isso que o atletismo lhe salvou a vida: \u201cTransformei toda esta raiva no atletismo, sempre a trabalhar, trabalhar, e a n\u00e3o ligar ao que os outros dizem.\u201d<\/strong><\/p>\n<p>Anos mais tarde, acompanhou os pais na vida de emigrantes em Paris, onde encontrou outro treinador, Joel Batori, que a ajudou a conseguir boas marcas e a ver um futuro nas pistas. A viver e treinar na capital francesa, Diallo tornou-se na segunda melhor portuguesa de sempre nos 400 metros barreiras, a dist\u00e2ncia predileta, depois de correr em 55,57 segundos. <strong>Hoje \u00e9 recordista nacional com 53,55s, marca conseguida em Birmingham.<\/strong><\/p>\n<p>Fatoumata Diallo \u00e9 acompanhada por um psic\u00f3logo, mas acredita que \u00e9 \u201ca mentalidade africana\u201d que a ajuda a ultrapassar as coisas e seguir em frente. T\u00edmida de personalidade, mas destemida na pista, trabalhou nas f\u00e9rias para investir em condi\u00e7\u00f5es de treino e transformar as agruras da inf\u00e2ncia em vit\u00f3rias de vida, passando a valorizar cada vez mais o atletismo. <\/p>\n<p><strong>E a progress\u00e3o \u00e9 not\u00f3ria.<\/strong> Em 2021 fazia os 400 metros barreiras em 59,28s, em 2022 baixou para 57,30s, em 2023 para 55,57s e em 2024 para 54,65s e em 2025 chegou aos 54,31s. Nesse ano sacrificou o Natal e mudou-se para os EUA para investir no seu potencial como atleta, com o objetivo claro de baixar dos 54 segundos. <strong>\u00c9 em Clermont, na Fl\u00f3rida, que trabalha com o especialista Felipe Siqueira, o treinador do brasileiro Alison dos Santos, tendo conseguido a medalha europeia de bronze com 53,55s.<\/strong><\/p>\n<p>Depois do 8.\u00ba lugar em Roma 2024, a admiradora de Marie-Jos\u00e9 Perec e Sydney McLaughlin-Levrone ofereceu a primeira medalha a Portugal em Birmingham, a 42.\u00aa do pa\u00eds em Europeus ao ar livre.  <\/p>\n<p>isaura.almeida@dn.pt<\/p>\n","protected":false},"excerpt":{"rendered":"Nascida na Guin\u00e9-Conacri, Fatoumata Diallo chegou a Portugal com 12 anos e foi no Algarve, onde os pais&hellip;\n","protected":false},"author":2,"featured_media":486440,"comment_status":"","ping_status":"","sticky":false,"template":"","format":"standard","meta":{"footnotes":"","_share_on_mastodon":"0"},"categories":[87],"tags":[77788,1866,3563,135,77792,77787,77790,77791,32,33,77789,134],"class_list":["post-486439","post","type-post","status-publish","format-standard","has-post-thumbnail","category-desporto","tag-400m-barreiras","tag-atletismo","tag-birmingham","tag-desporto","tag-europeus-atletismo","tag-fatoumata-diallo","tag-medalha-europeia","tag-paris2024","tag-portugal","tag-pt","tag-recorde-nacional","tag-sports"],"share_on_mastodon":{"url":"https:\/\/pubeurope.com\/@pt\/117093744588696829","error":""},"_links":{"self":[{"href":"https:\/\/www.europesays.com\/pt\/wp-json\/wp\/v2\/posts\/486439","targetHints":{"allow":["GET"]}}],"collection":[{"href":"https:\/\/www.europesays.com\/pt\/wp-json\/wp\/v2\/posts"}],"about":[{"href":"https:\/\/www.europesays.com\/pt\/wp-json\/wp\/v2\/types\/post"}],"author":[{"embeddable":true,"href":"https:\/\/www.europesays.com\/pt\/wp-json\/wp\/v2\/users\/2"}],"replies":[{"embeddable":true,"href":"https:\/\/www.europesays.com\/pt\/wp-json\/wp\/v2\/comments?post=486439"}],"version-history":[{"count":0,"href":"https:\/\/www.europesays.com\/pt\/wp-json\/wp\/v2\/posts\/486439\/revisions"}],"wp:featuredmedia":[{"embeddable":true,"href":"https:\/\/www.europesays.com\/pt\/wp-json\/wp\/v2\/media\/486440"}],"wp:attachment":[{"href":"https:\/\/www.europesays.com\/pt\/wp-json\/wp\/v2\/media?parent=486439"}],"wp:term":[{"taxonomy":"category","embeddable":true,"href":"https:\/\/www.europesays.com\/pt\/wp-json\/wp\/v2\/categories?post=486439"},{"taxonomy":"post_tag","embeddable":true,"href":"https:\/\/www.europesays.com\/pt\/wp-json\/wp\/v2\/tags?post=486439"}],"curies":[{"name":"wp","href":"https:\/\/api.w.org\/{rel}","templated":true}]}}