{"id":486823,"date":"2026-08-14T17:55:14","date_gmt":"2026-08-14T17:55:14","guid":{"rendered":"https:\/\/www.europesays.com\/pt\/486823\/"},"modified":"2026-08-14T17:55:14","modified_gmt":"2026-08-14T17:55:14","slug":"morre-chelo-rodriguez-atriz-de-a-usurpadora-aos-84-anos","status":"publish","type":"post","link":"https:\/\/www.europesays.com\/pt\/486823\/","title":{"rendered":"Morre Chelo Rodr\u00edguez, atriz de \u2018A Usurpadora\u2019, aos 84 anos"},"content":{"rendered":"<p><img  loading=\"lazy\" class=\"lazy-load-img\"\/><\/p>\n<p>Diagnosticada com esclerose lateral amiotr\u00f3fica h\u00e1 uma d\u00e9cada, Chelo Rodriguez estava em tratamento de c\u00e2ncer\u00a0Foto:  @venezolanasenlahistoria via Instagram <\/p>\n<p data-component-name=\"paragraph\" class=\"styles__ParagraphStyled-sc-6adecn-0 geGWDE theme-default  \"><strong>Chelo Rodr\u00edguez<\/strong>, atriz que interpretou Ver\u00f3nica na vers\u00e3o venezuelana da <a href=\"https:\/\/www.estadao.com.br\/tudo-sobre\/telenovela\/\" target=\"_blank\" rel=\"nofollow noopener\" title=\"https:\/\/www.estadao.com.br\/tudo-sobre\/telenovela\/\"><strong>novela<\/strong><\/a> A Usurpadora (RCTV, 1971), morreu aos 84 anos. De acordo com a People espanhola, ela havia sido diagnosticada com c\u00e2ncer, mas a causa da morte n\u00e3o foi revelada. O vel\u00f3rio aconteceu na \u00faltima quinta-feira, 13, em La Guairita, Caracas, na <a href=\"https:\/\/www.estadao.com.br\/tudo-sobre\/venezuela-america-do-sul\/\" target=\"_blank\" rel=\"nofollow noopener\" title=\"https:\/\/www.estadao.com.br\/tudo-sobre\/venezuela-america-do-sul\/\"><strong>Venezuela<\/strong><\/a>.<\/p>\n<p>A atriz estava afastada do trabalho havia cerca de dez anos. Chelo foi diagnosticada com esclerose lateral amiotr\u00f3fica (ELA), doen\u00e7a que provocou uma perda gradual de for\u00e7a e dificuldades para realizar atividades cotidianas. Nos \u00faltimos anos, o quadro de sa\u00fade se agravou progressivamente.<\/p>\n<p data-component-name=\"paragraph\" class=\"styles__ParagraphStyled-sc-6adecn-0 geGWDE theme-default  \">A situa\u00e7\u00e3o ficou mais delicada a partir de mar\u00e7o, quando a atriz revelou estar em tratamento contra um c\u00e2ncer. Em um v\u00eddeo publicado pelo Im\u00e1genes de Diagn\u00f3stico Avan\u00e7ado (IDACA), centro m\u00e9dico especializado em diagn\u00f3stico por imagem e radiologia, Chelo se mostrou confiante em sua recupera\u00e7\u00e3o. \u201cSei que vou superar isso\u201d, disse no v\u00eddeo compartilhado no primeiro semestre deste ano.<\/p>\n<p data-component-name=\"paragraph\" class=\"styles__ParagraphStyled-sc-6adecn-0 geGWDE theme-default  \">Sua \u00faltima apari\u00e7\u00e3o na televis\u00e3o aconteceu em 2008, na produ\u00e7\u00e3o \u00bfVieja, Yo?. Ao longo da carreira, ela se tornou uma das grandes estrelas da teledramaturgia venezuelana e um dos nomes marcantes da chamada \u201cera de ouro\u201d das telenovelas no pa\u00eds.<\/p>\n<p data-component-name=\"paragraph\" class=\"styles__ParagraphStyled-sc-6adecn-0 geGWDE theme-default  \">Nascida na Gal\u00edcia, na Espanha, Consuelo Rodr\u00edguez \u00c1lvarez adotou o nome art\u00edstico de Chelo e vivia em Caracas desde a adolesc\u00eancia, quando iniciou a carreira como modelo.<\/p>\n<p data-component-name=\"paragraph\" class=\"styles__ParagraphStyled-sc-6adecn-0 geGWDE theme-default  \">Al\u00e9m de A Usurpadora, ela interpretou a personagem-t\u00edtulo de Rafaela (1977) e integrou o elenco de produ\u00e7\u00f5es de destaque da teledramaturgia venezuelana, como Mar\u00eda del Mar (1978), La Revancha (1989) e Enga\u00f1ada (2003).<\/p>\n<p>Leia tamb\u00e9m<\/p>\n<p>Vers\u00e3o original de \u2018A Usurpadora\u2019<\/p>\n<p data-component-name=\"paragraph\" class=\"styles__ParagraphStyled-sc-6adecn-0 geGWDE theme-default  \">Embora a vers\u00e3o mexicana de A Usurpadora tenha alcan\u00e7ado fama internacional \u2014 com diversas exibi\u00e7\u00f5es no Brasil e <a href=\"https:\/\/www.estadao.com.br\/tudo-sobre\/gaby-spanic\/\" target=\"_blank\" rel=\"nofollow noopener\" title=\"https:\/\/www.estadao.com.br\/tudo-sobre\/gaby-spanic\/\"><strong>Gaby Spanic<\/strong><\/a> nos pap\u00e9is das g\u00eameas Paulina e Paola Bracho \u2014, a hist\u00f3ria original foi produzida na Venezuela, em 1971, com as personagens Alicia Est\u00e9vez e Rosalba Bracho.<\/p>\n<p data-component-name=\"paragraph\" class=\"styles__ParagraphStyled-sc-6adecn-0 geGWDE theme-default  \">Na vers\u00e3o venezuelana, Ver\u00f3nica, personagem interpretada por Chelo Rodr\u00edguez, era uma secret\u00e1ria da f\u00e1brica da fam\u00edlia Bracho e mantinha um relacionamento amoroso com Carlos Daniel Bracho. Na adapta\u00e7\u00e3o mexicana, o papel ficou com Adriana Fonseca.<\/p>\n","protected":false},"excerpt":{"rendered":"Diagnosticada com esclerose lateral amiotr\u00f3fica h\u00e1 uma d\u00e9cada, Chelo Rodriguez estava em tratamento de c\u00e2ncer\u00a0Foto: @venezolanasenlahistoria via Instagram&hellip;\n","protected":false},"author":2,"featured_media":486824,"comment_status":"","ping_status":"","sticky":false,"template":"","format":"standard","meta":{"footnotes":"","_share_on_mastodon":"0"},"categories":[145],"tags":[211,210,4486,114,115,2732,32,33],"class_list":["post-486823","post","type-post","status-publish","format-standard","has-post-thumbnail","category-celebridades","tag-celebridades","tag-celebrities","tag-emais","tag-entertainment","tag-entretenimento","tag-geral","tag-portugal","tag-pt"],"share_on_mastodon":{"url":"https:\/\/pubeurope.com\/@pt\/117095152163160196","error":""},"_links":{"self":[{"href":"https:\/\/www.europesays.com\/pt\/wp-json\/wp\/v2\/posts\/486823","targetHints":{"allow":["GET"]}}],"collection":[{"href":"https:\/\/www.europesays.com\/pt\/wp-json\/wp\/v2\/posts"}],"about":[{"href":"https:\/\/www.europesays.com\/pt\/wp-json\/wp\/v2\/types\/post"}],"author":[{"embeddable":true,"href":"https:\/\/www.europesays.com\/pt\/wp-json\/wp\/v2\/users\/2"}],"replies":[{"embeddable":true,"href":"https:\/\/www.europesays.com\/pt\/wp-json\/wp\/v2\/comments?post=486823"}],"version-history":[{"count":0,"href":"https:\/\/www.europesays.com\/pt\/wp-json\/wp\/v2\/posts\/486823\/revisions"}],"wp:featuredmedia":[{"embeddable":true,"href":"https:\/\/www.europesays.com\/pt\/wp-json\/wp\/v2\/media\/486824"}],"wp:attachment":[{"href":"https:\/\/www.europesays.com\/pt\/wp-json\/wp\/v2\/media?parent=486823"}],"wp:term":[{"taxonomy":"category","embeddable":true,"href":"https:\/\/www.europesays.com\/pt\/wp-json\/wp\/v2\/categories?post=486823"},{"taxonomy":"post_tag","embeddable":true,"href":"https:\/\/www.europesays.com\/pt\/wp-json\/wp\/v2\/tags?post=486823"}],"curies":[{"name":"wp","href":"https:\/\/api.w.org\/{rel}","templated":true}]}}