{"id":486869,"date":"2026-08-14T18:38:19","date_gmt":"2026-08-14T18:38:19","guid":{"rendered":"https:\/\/www.europesays.com\/pt\/486869\/"},"modified":"2026-08-14T18:38:19","modified_gmt":"2026-08-14T18:38:19","slug":"apos-intensos-rumores-enfermeira-catarina-esclarece-relacao-com-rui-freitas-dois-as-10","status":"publish","type":"post","link":"https:\/\/www.europesays.com\/pt\/486869\/","title":{"rendered":"Ap\u00f3s intensos rumores, enfermeira Catarina esclarece rela\u00e7\u00e3o com Rui Freitas &#8211; Dois \u00e0s 10"},"content":{"rendered":"<p>                             Os f\u00e3s muito especularam sobre a rela\u00e7\u00e3o dos dois e agora tudo ficou esclarecido.<\/p>\n<p data-end=\"243\" data-start=\"94\">No primeiro dia do festival <strong data-end=\"143\" data-start=\"122\">O Sol da Caparica<\/strong>, a SELFIE esteve \u00e0 conversa com Catarina, a enfermeira que integrou o programa <strong data-end=\"242\" data-start=\"223\">\u201c1.\u00aa Companhia\u201d<\/strong>. Entre os v\u00e1rios temas abordados, a enfermeira foi questionada sobre os rumores que, nos \u00faltimos meses, deram conta de uma poss\u00edvel rela\u00e7\u00e3o amorosa com Rui Freitas.<\/p>\n<p data-end=\"534\" data-start=\"410\">\u00abToda a gente sabe que tive uma rela\u00e7\u00e3o, as coisas podem ter afetado um bocadinho, mas foi tranquilo\u00bb, come\u00e7ou por explicar.<\/p>\n<p data-end=\"701\" data-start=\"536\">Catarina fez depois quest\u00e3o de esclarecer a natureza da rela\u00e7\u00e3o que mant\u00e9m atualmente com Rui Freitas: <strong data-end=\"701\" data-start=\"639\">\u00abEu e o Rui mantemos uma rela\u00e7\u00e3o de amizade. E \u00e9 s\u00f3 isso.\u00bb<\/strong><\/p>\n<p data-end=\"829\" data-is-last-node=\"\" data-is-only-node=\"\" data-start=\"703\">Desta forma, a enfermeira deixa claro que, apesar da proximidade entre os dois, <strong data-end=\"828\" data-start=\"783\">n\u00e3o existe atualmente uma rela\u00e7\u00e3o amorosa<\/strong>.<\/p>\n","protected":false},"excerpt":{"rendered":"Os f\u00e3s muito especularam sobre a rela\u00e7\u00e3o dos dois e agora tudo ficou esclarecido. No primeiro dia do&hellip;\n","protected":false},"author":2,"featured_media":486870,"comment_status":"","ping_status":"","sticky":false,"template":"","format":"standard","meta":{"footnotes":"","_share_on_mastodon":"0"},"categories":[85],"tags":[31659,329,166,3412,3406,3409,801,3410,3411,3407,3408,114,115,3413,338,32,33,42886],"class_list":["post-486869","post","type-post","status-publish","format-standard","has-post-thumbnail","category-entretenimento","tag-1-a-companhia","tag-claudio-ramos","tag-cristina-ferreira","tag-dois-10","tag-dois-a-s-10-dois-a-s-10","tag-dois-a-s-dez","tag-dois-as-10","tag-dois-as-dez","tag-dois-dez","tag-doisas10","tag-doisasdez","tag-entertainment","tag-entretenimento","tag-manha-tvi","tag-maria-botelho-moniz","tag-portugal","tag-pt","tag-rui-freitas"],"share_on_mastodon":{"url":"https:\/\/pubeurope.com\/@pt\/117095321373063610","error":""},"_links":{"self":[{"href":"https:\/\/www.europesays.com\/pt\/wp-json\/wp\/v2\/posts\/486869","targetHints":{"allow":["GET"]}}],"collection":[{"href":"https:\/\/www.europesays.com\/pt\/wp-json\/wp\/v2\/posts"}],"about":[{"href":"https:\/\/www.europesays.com\/pt\/wp-json\/wp\/v2\/types\/post"}],"author":[{"embeddable":true,"href":"https:\/\/www.europesays.com\/pt\/wp-json\/wp\/v2\/users\/2"}],"replies":[{"embeddable":true,"href":"https:\/\/www.europesays.com\/pt\/wp-json\/wp\/v2\/comments?post=486869"}],"version-history":[{"count":0,"href":"https:\/\/www.europesays.com\/pt\/wp-json\/wp\/v2\/posts\/486869\/revisions"}],"wp:featuredmedia":[{"embeddable":true,"href":"https:\/\/www.europesays.com\/pt\/wp-json\/wp\/v2\/media\/486870"}],"wp:attachment":[{"href":"https:\/\/www.europesays.com\/pt\/wp-json\/wp\/v2\/media?parent=486869"}],"wp:term":[{"taxonomy":"category","embeddable":true,"href":"https:\/\/www.europesays.com\/pt\/wp-json\/wp\/v2\/categories?post=486869"},{"taxonomy":"post_tag","embeddable":true,"href":"https:\/\/www.europesays.com\/pt\/wp-json\/wp\/v2\/tags?post=486869"}],"curies":[{"name":"wp","href":"https:\/\/api.w.org\/{rel}","templated":true}]}}