{"id":486941,"date":"2026-08-14T19:32:30","date_gmt":"2026-08-14T19:32:30","guid":{"rendered":"https:\/\/www.europesays.com\/pt\/486941\/"},"modified":"2026-08-14T19:32:30","modified_gmt":"2026-08-14T19:32:30","slug":"tvs-abertas-articulam-decreto-por-botao-para-controles-14-08-2026-outro-canal","status":"publish","type":"post","link":"https:\/\/www.europesays.com\/pt\/486941\/","title":{"rendered":"TVs abertas articulam decreto por bot\u00e3o para controles &#8211; 14\/08\/2026 &#8211; Outro Canal"},"content":{"rendered":"<p>\n<strong class=\"c-signature__location\">Aracaju <\/strong>\n<\/p>\n<p>Tr\u00eas redes de TV brasileiras est\u00e3o articulando em <a href=\"https:\/\/www1.folha.uol.com.br\/folha-topicos\/brasilia\/\" rel=\"nofollow noopener\" target=\"_blank\">Bras\u00edlia<\/a> a publica\u00e7\u00e3o de um decreto que obrigue os fabricantes de controles remotos a implementarem um bot\u00e3o para sintonia direta do sinal das emissoras de TV aberta. O objetivo \u00e9 que ele funcione como um atalho, assim como as teclas que enviam os usu\u00e1rios diretamente para algumas plataformas digitais.<\/p>\n<p>  <a href=\"https:\/\/f5.folha.uol.com.br\/colunistas\/outro-canal\/\" rel=\"nofollow noopener\" target=\"_blank\"><br \/>\n    <img decoding=\"async\" src=\"https:\/\/www.europesays.com\/pt\/wp-content\/uploads\/2026\/08\/1786735950_606_172599691166e09f6f54fe2_1725996911_1x1_xs.jpg\" alt=\"Foto de Outro Canal\" class=\"img-responsive c-lazyload\"\/><\/p>\n<p>  <\/a><\/p>\n<p class=\"author__description\">\n    Cobre diariamente os bastidores das novelas, do telejornalismo e da m\u00eddia esportiva. Tem como titular o jornalista Gabriel Vaquer\n  <\/p>\n","protected":false},"excerpt":{"rendered":"Aracaju Tr\u00eas redes de TV brasileiras est\u00e3o articulando em Bras\u00edlia a publica\u00e7\u00e3o de um decreto que obrigue os&hellip;\n","protected":false},"author":2,"featured_media":486942,"comment_status":"","ping_status":"","sticky":false,"template":"","format":"standard","meta":{"footnotes":"","_share_on_mastodon":"0"},"categories":[142],"tags":[1391,219,211,223,114,115,224,225,226,753,221,220,222,35173,32,33,936,2566,218,228,151,227],"class_list":["post-486941","post","type-post","status-publish","format-standard","has-post-thumbnail","category-tv","tag-band","tag-bichos","tag-celebridades","tag-colunistas","tag-entertainment","tag-entretenimento","tag-estranho","tag-eu-amo","tag-fofices","tag-globo","tag-horoscopo","tag-humanos","tag-humor","tag-ministrio-das-comunicaes","tag-portugal","tag-pt","tag-sbt","tag-televiso","tag-televisao","tag-tudo","tag-tv","tag-videos"],"share_on_mastodon":{"url":"https:\/\/pubeurope.com\/@pt\/117095534063993780","error":""},"_links":{"self":[{"href":"https:\/\/www.europesays.com\/pt\/wp-json\/wp\/v2\/posts\/486941","targetHints":{"allow":["GET"]}}],"collection":[{"href":"https:\/\/www.europesays.com\/pt\/wp-json\/wp\/v2\/posts"}],"about":[{"href":"https:\/\/www.europesays.com\/pt\/wp-json\/wp\/v2\/types\/post"}],"author":[{"embeddable":true,"href":"https:\/\/www.europesays.com\/pt\/wp-json\/wp\/v2\/users\/2"}],"replies":[{"embeddable":true,"href":"https:\/\/www.europesays.com\/pt\/wp-json\/wp\/v2\/comments?post=486941"}],"version-history":[{"count":0,"href":"https:\/\/www.europesays.com\/pt\/wp-json\/wp\/v2\/posts\/486941\/revisions"}],"wp:featuredmedia":[{"embeddable":true,"href":"https:\/\/www.europesays.com\/pt\/wp-json\/wp\/v2\/media\/486942"}],"wp:attachment":[{"href":"https:\/\/www.europesays.com\/pt\/wp-json\/wp\/v2\/media?parent=486941"}],"wp:term":[{"taxonomy":"category","embeddable":true,"href":"https:\/\/www.europesays.com\/pt\/wp-json\/wp\/v2\/categories?post=486941"},{"taxonomy":"post_tag","embeddable":true,"href":"https:\/\/www.europesays.com\/pt\/wp-json\/wp\/v2\/tags?post=486941"}],"curies":[{"name":"wp","href":"https:\/\/api.w.org\/{rel}","templated":true}]}}